{"id":97758,"date":"2023-05-03T19:01:31","date_gmt":"2023-05-03T22:01:31","guid":{"rendered":"https:\/\/www.cordobatimes.com\/showup\/?p=97758"},"modified":"2023-05-03T19:01:31","modified_gmt":"2023-05-03T22:01:31","slug":"daddy-yankee-lanzara-una-serie-en-netflix","status":"publish","type":"post","link":"https:\/\/www.cordobatimes.com\/showup\/cine-y-series\/2023\/05\/03\/daddy-yankee-lanzara-una-serie-en-netflix\/","title":{"rendered":"Daddy Yankee lanzar\u00e1 una serie en Netflix"},"content":{"rendered":"<h3><strong>El cantante puertorrique\u00f1o es uno de los encargados de la producci\u00f3n que promete dar de qu\u00e9 hablar.<\/strong><\/h3>\n<p>Daddy Yankee se encuentra pronto de su retiro de los escenarios, pero eso no es sin\u00f3nimo de su desaparici\u00f3n de la vida de los millones que lo aman. En este sentido, el cantante puertorrique\u00f1o inform\u00f3 que lanzar\u00e1 Ne\u00f3n, una serie para Netflix.<\/p>\n<p>Se trata de una comedia que seguir\u00e1 la historia de tres amigos que intentan, con muchos altibajos, hacerse un lugar en la escena del reggaet\u00f3n en Miami. Por lo que, la producci\u00f3n tendr\u00e1 como protagonista al g\u00e9nero urbano.<\/p>\n<p>Seg\u00fan confirmaron desde la plataforma de streaming, el cantante puertorrique\u00f1o tambi\u00e9n participar\u00e1 desde la actuaci\u00f3n con un cameo en la tira, creada por el periodista Shea Serrano y que cuenta con Max Searle, creador de\u00a0Two and a Half Men\u00a0y\u00a0The Ranch, en el puesto de\u00a0showrunner.<\/p>\n<p>Ne\u00f3n\u00a0contar\u00e1 con ocho episodios y se centrar\u00e1 en las vidas de Santi (Tyler Dean Flores), un naciente artista de reggaet\u00f3n que, con la ayuda de sus amigos Ness (Emma Ferreira) y F\u00e9lix (Jordan Mendoza) y de su representante, Mia (Courney Taylor), aspira a convertirse en la estrella de reggaet\u00f3n m\u00e1s grande del mundo.<\/p>\n<p>Sin embargo, con las eternas playas y fiestas de la \u201cCiudad M\u00e1gica\u201d como tel\u00f3n de fondo, el protagonista se enfrentar\u00e1, con una perspectiva humor\u00edstica, a la realidad de la b\u00fasqueda del \u00e9xito en el terreno musical y la necesidad de sobrevivir en el camino.<\/p>\n<p>Ne\u00f3n\u00a0no tiene a\u00fan fecha de estreno pero se pronostica su lanzamiento para este 2023, por lo que los fans ya est\u00e1n m\u00e1s que ansiosos.<\/p>\n","protected":false},"excerpt":{"rendered":"<p>El cantante puertorrique\u00f1o es uno de los encargados de la producci\u00f3n que promete dar de qu\u00e9 hablar. Daddy Yankee se encuentra pronto de su retiro de los escenarios, pero eso no es sin\u00f3nimo de su desaparici\u00f3n de la vida de los millones que lo aman. En este sentido, el cantante puertorrique\u00f1o inform\u00f3 que lanzar\u00e1 Ne\u00f3n, [&hellip;]<\/p>\n","protected":false},"author":1,"featured_media":97759,"comment_status":"closed","ping_status":"closed","sticky":false,"template":"","format":"standard","meta":{"_seopress_robots_primary_cat":"","_seopress_titles_title":"","_seopress_titles_desc":"","_seopress_robots_index":"","footnotes":""},"categories":[3],"tags":[36964,36962,36963,36965],"class_list":{"0":"post-97758","1":"post","2":"type-post","3":"status-publish","4":"format-standard","5":"has-post-thumbnail","7":"category-cine-y-series","8":"tag-daddy-yankee-neon","9":"tag-daddy-yankee-netflix","10":"tag-serie-de-daddy-yankee","11":"tag-serie-de-daddy-yankee-neon"},"_links":{"self":[{"href":"https:\/\/www.cordobatimes.com\/showup\/wp-json\/wp\/v2\/posts\/97758","targetHints":{"allow":["GET"]}}],"collection":[{"href":"https:\/\/www.cordobatimes.com\/showup\/wp-json\/wp\/v2\/posts"}],"about":[{"href":"https:\/\/www.cordobatimes.com\/showup\/wp-json\/wp\/v2\/types\/post"}],"author":[{"embeddable":true,"href":"https:\/\/www.cordobatimes.com\/showup\/wp-json\/wp\/v2\/users\/1"}],"replies":[{"embeddable":true,"href":"https:\/\/www.cordobatimes.com\/showup\/wp-json\/wp\/v2\/comments?post=97758"}],"version-history":[{"count":0,"href":"https:\/\/www.cordobatimes.com\/showup\/wp-json\/wp\/v2\/posts\/97758\/revisions"}],"wp:featuredmedia":[{"embeddable":true,"href":"https:\/\/www.cordobatimes.com\/showup\/wp-json\/wp\/v2\/media\/97759"}],"wp:attachment":[{"href":"https:\/\/www.cordobatimes.com\/showup\/wp-json\/wp\/v2\/media?parent=97758"}],"wp:term":[{"taxonomy":"category","embeddable":true,"href":"https:\/\/www.cordobatimes.com\/showup\/wp-json\/wp\/v2\/categories?post=97758"},{"taxonomy":"post_tag","embeddable":true,"href":"https:\/\/www.cordobatimes.com\/showup\/wp-json\/wp\/v2\/tags?post=97758"}],"curies":[{"name":"wp","href":"https:\/\/api.w.org\/{rel}","templated":true}]}}