{"id":97752,"date":"2023-05-03T10:48:55","date_gmt":"2023-05-03T13:48:55","guid":{"rendered":"https:\/\/www.cordobatimes.com\/showup\/?p=97752"},"modified":"2023-05-03T10:48:55","modified_gmt":"2023-05-03T13:48:55","slug":"benjamin-vicuna-revelo-los-motivos-por-los-que-se-separo-de-pampita","status":"publish","type":"post","link":"https:\/\/www.cordobatimes.com\/showup\/famosos\/2023\/05\/03\/benjamin-vicuna-revelo-los-motivos-por-los-que-se-separo-de-pampita\/","title":{"rendered":"Benjam\u00edn Vicu\u00f1a revel\u00f3 los motivos por los que se separ\u00f3 de Pampita"},"content":{"rendered":"<h3><strong>El chileno habl\u00f3 por primera vez del fin de su relaci\u00f3n con la conductora, con quien tuvo a Blanca -fallecida en 2012-, Bautista, Beltr\u00e1n y Benicio.<\/strong><\/h3>\n<p>\u201cEn alg\u00fan momento pude volver a pensar en nuestra separaci\u00f3n con Carolina. En alg\u00fan lado le\u00ed que despu\u00e9s de la muerte de un hijo el setenta y cinco por ciento de las parejas se separan. Es que es muy duro estar en ese c\u00edrculo donde se retroalimenta el dolor\u201d, dijo Vicu\u00f1a en di\u00e1logo con la revista Velvet y reconociendo que el fallecimiento de Blanquita afect\u00f3 a la relaci\u00f3n.<\/p>\n<p>\u201cTienes que brindarle consuelo a tu pareja y es imposible porque est\u00e1s destruido, y a tu pareja le sucede lo mismo. No busco justificarlo, pero entiendo que tambi\u00e9n la tragedia nos separ\u00f3. Hoy lo que nos une es Blanca y nuestros otros hijos\u201d, ahond\u00f3 al respecto.<\/p>\n","protected":false},"excerpt":{"rendered":"<p>El chileno habl\u00f3 por primera vez del fin de su relaci\u00f3n con la conductora, con quien tuvo a Blanca -fallecida en 2012-, Bautista, Beltr\u00e1n y Benicio. \u201cEn alg\u00fan momento pude volver a pensar en nuestra separaci\u00f3n con Carolina. En alg\u00fan lado le\u00ed que despu\u00e9s de la muerte de un hijo el setenta y cinco por [&hellip;]<\/p>\n","protected":false},"author":1,"featured_media":97753,"comment_status":"closed","ping_status":"closed","sticky":false,"template":"","format":"standard","meta":{"_seopress_robots_primary_cat":"","_seopress_titles_title":"","_seopress_titles_desc":"","_seopress_robots_index":"","footnotes":""},"categories":[4],"tags":[36958,36959],"class_list":{"0":"post-97752","1":"post","2":"type-post","3":"status-publish","4":"format-standard","5":"has-post-thumbnail","7":"category-famosos","8":"tag-benjamin-vicuna-pampita","9":"tag-separacion-de-benjamin-vicuna-y-pampita"},"_links":{"self":[{"href":"https:\/\/www.cordobatimes.com\/showup\/wp-json\/wp\/v2\/posts\/97752","targetHints":{"allow":["GET"]}}],"collection":[{"href":"https:\/\/www.cordobatimes.com\/showup\/wp-json\/wp\/v2\/posts"}],"about":[{"href":"https:\/\/www.cordobatimes.com\/showup\/wp-json\/wp\/v2\/types\/post"}],"author":[{"embeddable":true,"href":"https:\/\/www.cordobatimes.com\/showup\/wp-json\/wp\/v2\/users\/1"}],"replies":[{"embeddable":true,"href":"https:\/\/www.cordobatimes.com\/showup\/wp-json\/wp\/v2\/comments?post=97752"}],"version-history":[{"count":0,"href":"https:\/\/www.cordobatimes.com\/showup\/wp-json\/wp\/v2\/posts\/97752\/revisions"}],"wp:featuredmedia":[{"embeddable":true,"href":"https:\/\/www.cordobatimes.com\/showup\/wp-json\/wp\/v2\/media\/97753"}],"wp:attachment":[{"href":"https:\/\/www.cordobatimes.com\/showup\/wp-json\/wp\/v2\/media?parent=97752"}],"wp:term":[{"taxonomy":"category","embeddable":true,"href":"https:\/\/www.cordobatimes.com\/showup\/wp-json\/wp\/v2\/categories?post=97752"},{"taxonomy":"post_tag","embeddable":true,"href":"https:\/\/www.cordobatimes.com\/showup\/wp-json\/wp\/v2\/tags?post=97752"}],"curies":[{"name":"wp","href":"https:\/\/api.w.org\/{rel}","templated":true}]}}