{"id":97711,"date":"2023-04-19T18:33:17","date_gmt":"2023-04-19T21:33:17","guid":{"rendered":"https:\/\/www.cordobatimes.com\/showup\/?p=97711"},"modified":"2023-04-30T22:14:46","modified_gmt":"2023-05-01T01:14:46","slug":"miranda-presento-la-nueva-version-de-perfecta-junto-a-maria-becerra-y-fmk","status":"publish","type":"post","link":"https:\/\/www.cordobatimes.com\/showup\/musica\/2023\/04\/19\/miranda-presento-la-nueva-version-de-perfecta-junto-a-maria-becerra-y-fmk\/","title":{"rendered":"Miranda! present\u00f3 la nueva versi\u00f3n de Perfecta junto a Mar\u00eda Becerra y FMK"},"content":{"rendered":"<h3><strong>El d\u00fao pop estren\u00f3 una nueva versi\u00f3n de uno de sus cl\u00e1sicos junto a los j\u00f3venes artistas.<\/strong><\/h3>\n<p>El d\u00fao pop\u00a0Miranda!, integrado por\u00a0Ale Sergi\u00a0y\u00a0Juliana Gattas,\u00a0invit\u00f3 a Mar\u00eda Becerra y FMK\u00a0a reversionar una de sus canciones m\u00e1s populares,\u00a0Perfecta. El resultado ya est\u00e1 disponible en todas las plataformas digitales, con videoclip incluido.<\/p>\n<p>Siguiendo la tem\u00e1tica de este\u00a0Hotel Miranda, por donde ya pasaron\u00a0Lali, Emilia Mernes y Cristian Castro, en esta nueva entrega los invitados interpretan a dos paisajistas que trabajan en el parque del ficticio hotel.<\/p>\n<p><iframe loading=\"lazy\" title=\"YouTube video player\" src=\"https:\/\/www.youtube.com\/embed\/6yJYn6n4NWo\" width=\"560\" height=\"315\" frameborder=\"0\" allowfullscreen=\"allowfullscreen\"><\/iframe><\/p>\n","protected":false},"excerpt":{"rendered":"<p>El d\u00fao pop estren\u00f3 una nueva versi\u00f3n de uno de sus cl\u00e1sicos junto a los j\u00f3venes artistas. El d\u00fao pop\u00a0Miranda!, integrado por\u00a0Ale Sergi\u00a0y\u00a0Juliana Gattas,\u00a0invit\u00f3 a Mar\u00eda Becerra y FMK\u00a0a reversionar una de sus canciones m\u00e1s populares,\u00a0Perfecta. El resultado ya est\u00e1 disponible en todas las plataformas digitales, con videoclip incluido. Siguiendo la tem\u00e1tica de este\u00a0Hotel Miranda, [&hellip;]<\/p>\n","protected":false},"author":1,"featured_media":97712,"comment_status":"closed","ping_status":"closed","sticky":false,"template":"","format":"standard","meta":{"_seopress_robots_primary_cat":"","_seopress_titles_title":"","_seopress_titles_desc":"","_seopress_robots_index":"","footnotes":""},"categories":[5],"tags":[36945,36944],"class_list":{"0":"post-97711","1":"post","2":"type-post","3":"status-publish","4":"format-standard","5":"has-post-thumbnail","7":"category-musica","8":"tag-miranda-nueva-version-de-perfecta","9":"tag-nueva-version-de-perfecta-junto-a-maria-becerra-y-fmk"},"_links":{"self":[{"href":"https:\/\/www.cordobatimes.com\/showup\/wp-json\/wp\/v2\/posts\/97711","targetHints":{"allow":["GET"]}}],"collection":[{"href":"https:\/\/www.cordobatimes.com\/showup\/wp-json\/wp\/v2\/posts"}],"about":[{"href":"https:\/\/www.cordobatimes.com\/showup\/wp-json\/wp\/v2\/types\/post"}],"author":[{"embeddable":true,"href":"https:\/\/www.cordobatimes.com\/showup\/wp-json\/wp\/v2\/users\/1"}],"replies":[{"embeddable":true,"href":"https:\/\/www.cordobatimes.com\/showup\/wp-json\/wp\/v2\/comments?post=97711"}],"version-history":[{"count":0,"href":"https:\/\/www.cordobatimes.com\/showup\/wp-json\/wp\/v2\/posts\/97711\/revisions"}],"wp:featuredmedia":[{"embeddable":true,"href":"https:\/\/www.cordobatimes.com\/showup\/wp-json\/wp\/v2\/media\/97712"}],"wp:attachment":[{"href":"https:\/\/www.cordobatimes.com\/showup\/wp-json\/wp\/v2\/media?parent=97711"}],"wp:term":[{"taxonomy":"category","embeddable":true,"href":"https:\/\/www.cordobatimes.com\/showup\/wp-json\/wp\/v2\/categories?post=97711"},{"taxonomy":"post_tag","embeddable":true,"href":"https:\/\/www.cordobatimes.com\/showup\/wp-json\/wp\/v2\/tags?post=97711"}],"curies":[{"name":"wp","href":"https:\/\/api.w.org\/{rel}","templated":true}]}}