{"id":97708,"date":"2023-04-19T18:03:08","date_gmt":"2023-04-19T21:03:08","guid":{"rendered":"https:\/\/www.cordobatimes.com\/showup\/?p=97708"},"modified":"2023-04-30T22:37:35","modified_gmt":"2023-05-01T01:37:35","slug":"crepusculo-tendra-una-serie-de-television","status":"publish","type":"post","link":"https:\/\/www.cordobatimes.com\/showup\/cine-y-series\/2023\/04\/19\/crepusculo-tendra-una-serie-de-television\/","title":{"rendered":"\u201cCrep\u00fasculo\u201d tendr\u00e1 una serie de televisi\u00f3n"},"content":{"rendered":"<h3><strong>La saga de libros con \u00e9xito en ventas mundiales ser\u00e1 llevada a la pantalla chica.<\/strong><\/h3>\n<p>La inolvidable saga de\u00a0Crep\u00fasculo\u00a0(Twilight)\u00a0tendr\u00e1 su adaptaci\u00f3n televisiva, seg\u00fan un \u00faltimo reporte. Las cinco pel\u00edculas que protagonizaron Kristen Stewart y Robert Pattinson se basaron en las novelas juveniles y de fantas\u00eda con \u00e9xito mundial de Stephenie Meyer. Ahora Lionsgate Television traer\u00e1 de vuelta la rom\u00e1ntica historia de Bella y Edward en el futuro, puesto que, a\u00fan se encuentra en un temprano desarrollo.<\/p>\n<p>La informaci\u00f3n exclusiva viene de parte de\u00a0The Hollywood Reporter\u00a0y a\u00fan no ha sido anunciada oficialmente por la compa\u00f1\u00eda cinematogr\u00e1fica que tiene sus derechos de reproducci\u00f3n en m\u00faltiples formatos. Por ahora, no tiene una plataforma o cadena de televisi\u00f3n elegida para albergar el programa, ni tampoco se sabe qui\u00e9nes ser\u00e1n los guionistas que escribir\u00e1n la temporada.<\/p>\n<p>Fuentes cercanas aseguran que Meyer estar\u00eda involucrada en el proyecto, aunque esto tampoco ha sido afirmado por la propia escritora hasta el momento. Sin embargo, su decisi\u00f3n de unirse a la producci\u00f3n no sorprender\u00eda al p\u00fablico desde que ella influy\u00f3 creativamente y tuvo algunos cameos en la versi\u00f3n\u00a0live-action\u00a0de sus libros.<\/p>\n","protected":false},"excerpt":{"rendered":"<p>La saga de libros con \u00e9xito en ventas mundiales ser\u00e1 llevada a la pantalla chica. La inolvidable saga de\u00a0Crep\u00fasculo\u00a0(Twilight)\u00a0tendr\u00e1 su adaptaci\u00f3n televisiva, seg\u00fan un \u00faltimo reporte. Las cinco pel\u00edculas que protagonizaron Kristen Stewart y Robert Pattinson se basaron en las novelas juveniles y de fantas\u00eda con \u00e9xito mundial de Stephenie Meyer. Ahora Lionsgate Television traer\u00e1 [&hellip;]<\/p>\n","protected":false},"author":1,"featured_media":97709,"comment_status":"closed","ping_status":"closed","sticky":false,"template":"","format":"standard","meta":{"_seopress_robots_primary_cat":"","_seopress_titles_title":"","_seopress_titles_desc":"","_seopress_robots_index":"","footnotes":""},"categories":[3],"tags":[36942,36943],"class_list":{"0":"post-97708","1":"post","2":"type-post","3":"status-publish","4":"format-standard","5":"has-post-thumbnail","7":"category-cine-y-series","8":"tag-peliculas-crepusculo","9":"tag-serie-de-crepusculo"},"_links":{"self":[{"href":"https:\/\/www.cordobatimes.com\/showup\/wp-json\/wp\/v2\/posts\/97708","targetHints":{"allow":["GET"]}}],"collection":[{"href":"https:\/\/www.cordobatimes.com\/showup\/wp-json\/wp\/v2\/posts"}],"about":[{"href":"https:\/\/www.cordobatimes.com\/showup\/wp-json\/wp\/v2\/types\/post"}],"author":[{"embeddable":true,"href":"https:\/\/www.cordobatimes.com\/showup\/wp-json\/wp\/v2\/users\/1"}],"replies":[{"embeddable":true,"href":"https:\/\/www.cordobatimes.com\/showup\/wp-json\/wp\/v2\/comments?post=97708"}],"version-history":[{"count":0,"href":"https:\/\/www.cordobatimes.com\/showup\/wp-json\/wp\/v2\/posts\/97708\/revisions"}],"wp:featuredmedia":[{"embeddable":true,"href":"https:\/\/www.cordobatimes.com\/showup\/wp-json\/wp\/v2\/media\/97709"}],"wp:attachment":[{"href":"https:\/\/www.cordobatimes.com\/showup\/wp-json\/wp\/v2\/media?parent=97708"}],"wp:term":[{"taxonomy":"category","embeddable":true,"href":"https:\/\/www.cordobatimes.com\/showup\/wp-json\/wp\/v2\/categories?post=97708"},{"taxonomy":"post_tag","embeddable":true,"href":"https:\/\/www.cordobatimes.com\/showup\/wp-json\/wp\/v2\/tags?post=97708"}],"curies":[{"name":"wp","href":"https:\/\/api.w.org\/{rel}","templated":true}]}}