{"id":97651,"date":"2023-04-15T11:40:26","date_gmt":"2023-04-15T14:40:26","guid":{"rendered":"https:\/\/www.cordobatimes.com\/showup\/?p=97651"},"modified":"2023-04-15T11:40:26","modified_gmt":"2023-04-15T14:40:26","slug":"bocaditos-de-nuez-y-dulce-de-leche","status":"publish","type":"post","link":"https:\/\/www.cordobatimes.com\/showup\/cocina\/2023\/04\/15\/bocaditos-de-nuez-y-dulce-de-leche\/","title":{"rendered":"Bocaditos de nuez y dulce de leche"},"content":{"rendered":"<h3><strong>Ingredientes\u00a0<\/strong><\/h3>\n<ul>\n<li>Nueces (a elecci\u00f3n)<\/li>\n<li>Un pote de dulce de leche repostero<\/li>\n<li>Chocolate para derretir blanco o negro (a elecci\u00f3n)<\/li>\n<\/ul>\n<h3><strong>Modo de preparaci\u00f3n\u00a0<\/strong><\/h3>\n<ul>\n<li>Comenzamos tomando un pedazo de nuez, a la cual le pondremos una cucharada de dulce de leche, unt\u00e1ndoselo.<\/li>\n<li>Cubrimos con otra nuez a modo de \u201ctapa\u201d, como si fuese un alfajor. Armamos la cantidad deseada y las colocamos en un costado, en un plato, reservando mientras preparamos la cobertura.<\/li>\n<li>En una olla colocar agua a fuego m\u00ednimo. Arriba debemos poner un recipiente con chocolate para derretir. Es importante que el bowl que contiene el chocolate no est\u00e9 en contacto directo con el agua de la olla; va solo encima para que el calor comience a derretir progresivamente el chocolate.<\/li>\n<li>Vamos moviendo el chocolate hasta que se derrita y haya alcanzado la consistencia deseada. Luego, pasamos los \u201calfajores\u201d de nuez que hab\u00edamos reservado por el chocolate, cubri\u00e9ndolos, lo que nos da como resultado una suerte de bomb\u00f3n.<\/li>\n<li>De forma opcional, podemos decorar por arriba con chocolate derretido del tipo contrario al que usamos para las nueces: blanco si son de chocolate negro; negro si las hicimos con chocolate blanco&#8230; \u00a1Y listo! Ya est\u00e1n para com\u00e9rselas a bocados.<\/li>\n<\/ul>\n","protected":false},"excerpt":{"rendered":"<p>Ingredientes\u00a0 Nueces (a elecci\u00f3n) Un pote de dulce de leche repostero Chocolate para derretir blanco o negro (a elecci\u00f3n) Modo de preparaci\u00f3n\u00a0 Comenzamos tomando un pedazo de nuez, a la cual le pondremos una cucharada de dulce de leche, unt\u00e1ndoselo. Cubrimos con otra nuez a modo de \u201ctapa\u201d, como si fuese un alfajor. Armamos la [&hellip;]<\/p>\n","protected":false},"author":1,"featured_media":97652,"comment_status":"closed","ping_status":"closed","sticky":false,"template":"","format":"standard","meta":{"_seopress_robots_primary_cat":"","_seopress_titles_title":"","_seopress_titles_desc":"","_seopress_robots_index":"","footnotes":""},"categories":[1,317],"tags":[36906,36905,18191,36907],"class_list":{"0":"post-97651","1":"post","2":"type-post","3":"status-publish","4":"format-standard","5":"has-post-thumbnail","7":"category-cocina","8":"category-recetas","9":"tag-bocaditos-de-nuez-y-dulce-de-leche-receta","10":"tag-receta-de-bocaditos-de-nuez-y-dulce-de-leche","11":"tag-recetas-dulces","12":"tag-recetas-dulces-faciles"},"_links":{"self":[{"href":"https:\/\/www.cordobatimes.com\/showup\/wp-json\/wp\/v2\/posts\/97651","targetHints":{"allow":["GET"]}}],"collection":[{"href":"https:\/\/www.cordobatimes.com\/showup\/wp-json\/wp\/v2\/posts"}],"about":[{"href":"https:\/\/www.cordobatimes.com\/showup\/wp-json\/wp\/v2\/types\/post"}],"author":[{"embeddable":true,"href":"https:\/\/www.cordobatimes.com\/showup\/wp-json\/wp\/v2\/users\/1"}],"replies":[{"embeddable":true,"href":"https:\/\/www.cordobatimes.com\/showup\/wp-json\/wp\/v2\/comments?post=97651"}],"version-history":[{"count":0,"href":"https:\/\/www.cordobatimes.com\/showup\/wp-json\/wp\/v2\/posts\/97651\/revisions"}],"wp:featuredmedia":[{"embeddable":true,"href":"https:\/\/www.cordobatimes.com\/showup\/wp-json\/wp\/v2\/media\/97652"}],"wp:attachment":[{"href":"https:\/\/www.cordobatimes.com\/showup\/wp-json\/wp\/v2\/media?parent=97651"}],"wp:term":[{"taxonomy":"category","embeddable":true,"href":"https:\/\/www.cordobatimes.com\/showup\/wp-json\/wp\/v2\/categories?post=97651"},{"taxonomy":"post_tag","embeddable":true,"href":"https:\/\/www.cordobatimes.com\/showup\/wp-json\/wp\/v2\/tags?post=97651"}],"curies":[{"name":"wp","href":"https:\/\/api.w.org\/{rel}","templated":true}]}}