{"id":97618,"date":"2023-04-14T10:11:36","date_gmt":"2023-04-14T13:11:36","guid":{"rendered":"https:\/\/www.cordobatimes.com\/showup\/?p=97618"},"modified":"2023-04-14T10:11:36","modified_gmt":"2023-04-14T13:11:36","slug":"lucas-benvenuto-revelo-por-que-denuncio-a-jey-mammon-tiempo-despues-de-que-ocurriera-el-presunto-abuso-sexual","status":"publish","type":"post","link":"https:\/\/www.cordobatimes.com\/showup\/tv\/2023\/04\/14\/lucas-benvenuto-revelo-por-que-denuncio-a-jey-mammon-tiempo-despues-de-que-ocurriera-el-presunto-abuso-sexual\/","title":{"rendered":"Lucas Benvenuto revel\u00f3 por qu\u00e9 denunci\u00f3 a Jey Mammon tiempo despu\u00e9s de que ocurriera el presunto abuso sexual"},"content":{"rendered":"<h3><strong>Desde Ushuaia, habl\u00f3 con LAM acerca del proyecto de ley que propuso para que en la Justicia no prescriban los abusos contra los menores de edad.<\/strong><\/h3>\n<p>Esta semana,\u00a0Lucas Benvenuto\u00a0dio su primera entrevista en televisi\u00f3n luego de haber llevado a los medios la denuncia que en 2020 formul\u00f3 contra\u00a0Jey Mammon\u00a0por presunto abuso sexual. En su casa de Ushuaia recibi\u00f3 a\u00a0Karina Mazzocco, la conductora de\u00a0A la tarde\u00a0(Am\u00e9rica), ciclo televisivo en el que aludi\u00f3 como al pasar al exconductor de\u00a0La Pe\u00f1a de Morfi\u00a0(Telefe), quien actualmente en Espa\u00f1a tras haberse desatado el esc\u00e1ndalo.<\/p>\n<p>As\u00ed las cosas, Benvenuto volvi\u00f3 a dar una entrevista. Esta vez, fue con\u00a0LAM\u00a0(Am\u00e9rica) en donde aprovech\u00f3 la oportunidad para contar sobre el proyecto de ley que propuso para que en la Justicia no prescriban los abusos contra los menores. \u201cLa psic\u00f3loga Mariana Barrios de la Serna, el diputado Cristian Ritondo y el doctor Cristian Cazorla son los que llevar\u00e1n al Congreso esta propuesta. Hoy fue un d\u00eda muy feliz, dentro de todo lo que vengo viviendo. Me dio un poquito de esperanza porque es algo que no solo me ocurre a m\u00ed, sino que hay muchas personas contentas con este primer paso. Lo van a llevar al Congreso y tenemos mucha esperanza de que salga todo bien, de que es hora que estos abusos no prescriban m\u00e1s\u201d, dijo en di\u00e1logo con \u00c1ngel de Brito.<\/p>\n<p>\u201cCuando vas a denunciar esto, cuando la persona puede hablar, lo m\u00e1s com\u00fan en estos casos es que seguido de una denuncia venga una prescripci\u00f3n. Creo que hay muchas personas a las que les pasa esto, no solamente es mi caso, y lo que podr\u00eda abrir tambi\u00e9n si se aprueba esta ley. Yo creo que podr\u00eda seguir buscando mi verdad, de ser as\u00ed. Y no solamente para mi, van a haber muchas personas que se van a animar a hablar con esto y se va a correr eso de que denunciar est\u00e1 mal, porque no vale la pena si prescribi\u00f3\u201d, agreg\u00f3 al respecto.<br \/>\n<iframe loading=\"lazy\" width=\"560\" height=\"315\" src=\"https:\/\/www.youtube.com\/embed\/_--xkod9Ieg\" title=\"YouTube video player\" frameborder=\"0\" allow=\"accelerometer; autoplay; clipboard-write; encrypted-media; gyroscope; picture-in-picture; web-share\" allowfullscreen><\/iframe><\/p>\n","protected":false},"excerpt":{"rendered":"<p>Desde Ushuaia, habl\u00f3 con LAM acerca del proyecto de ley que propuso para que en la Justicia no prescriban los abusos contra los menores de edad. Esta semana,\u00a0Lucas Benvenuto\u00a0dio su primera entrevista en televisi\u00f3n luego de haber llevado a los medios la denuncia que en 2020 formul\u00f3 contra\u00a0Jey Mammon\u00a0por presunto abuso sexual. En su casa [&hellip;]<\/p>\n","protected":false},"author":1,"featured_media":97389,"comment_status":"closed","ping_status":"closed","sticky":false,"template":"","format":"standard","meta":{"_seopress_robots_primary_cat":"","_seopress_titles_title":"","_seopress_titles_desc":"","_seopress_robots_index":"","footnotes":""},"categories":[2],"tags":[36643,36641],"class_list":{"0":"post-97618","1":"post","2":"type-post","3":"status-publish","4":"format-standard","5":"has-post-thumbnail","7":"category-tv","8":"tag-caso-jey-mammon","9":"tag-jey-mammon-lucas-benvenutto"},"_links":{"self":[{"href":"https:\/\/www.cordobatimes.com\/showup\/wp-json\/wp\/v2\/posts\/97618","targetHints":{"allow":["GET"]}}],"collection":[{"href":"https:\/\/www.cordobatimes.com\/showup\/wp-json\/wp\/v2\/posts"}],"about":[{"href":"https:\/\/www.cordobatimes.com\/showup\/wp-json\/wp\/v2\/types\/post"}],"author":[{"embeddable":true,"href":"https:\/\/www.cordobatimes.com\/showup\/wp-json\/wp\/v2\/users\/1"}],"replies":[{"embeddable":true,"href":"https:\/\/www.cordobatimes.com\/showup\/wp-json\/wp\/v2\/comments?post=97618"}],"version-history":[{"count":0,"href":"https:\/\/www.cordobatimes.com\/showup\/wp-json\/wp\/v2\/posts\/97618\/revisions"}],"wp:featuredmedia":[{"embeddable":true,"href":"https:\/\/www.cordobatimes.com\/showup\/wp-json\/wp\/v2\/media\/97389"}],"wp:attachment":[{"href":"https:\/\/www.cordobatimes.com\/showup\/wp-json\/wp\/v2\/media?parent=97618"}],"wp:term":[{"taxonomy":"category","embeddable":true,"href":"https:\/\/www.cordobatimes.com\/showup\/wp-json\/wp\/v2\/categories?post=97618"},{"taxonomy":"post_tag","embeddable":true,"href":"https:\/\/www.cordobatimes.com\/showup\/wp-json\/wp\/v2\/tags?post=97618"}],"curies":[{"name":"wp","href":"https:\/\/api.w.org\/{rel}","templated":true}]}}