{"id":97608,"date":"2023-04-13T18:32:01","date_gmt":"2023-04-13T21:32:01","guid":{"rendered":"https:\/\/www.cordobatimes.com\/showup\/?p=97608"},"modified":"2023-04-13T19:05:43","modified_gmt":"2023-04-13T22:05:43","slug":"lali-esposito-lanzo-su-quinto-album-lleno-de-hits","status":"publish","type":"post","link":"https:\/\/www.cordobatimes.com\/showup\/musica\/2023\/04\/13\/lali-esposito-lanzo-su-quinto-album-lleno-de-hits\/","title":{"rendered":"Lali Esp\u00f3sito lanz\u00f3 su quinto \u00e1lbum, lleno de hits"},"content":{"rendered":"<h3><strong>Con invitados como Moria Cas\u00e1n y Ca7riel<\/strong><\/h3>\n<p>El nuevo y m\u00e1s personal \u00e1lbum de Lali, donde re\u00fane los hits que hab\u00edan salido como adelanto, como Disciplina, C\u00f3mprame un brishito, N5, Diva, Como t\u00fa, Motiveishon y 2 son 3, a las que se suman seis canciones in\u00e9ditas.<\/p>\n<p>El t\u00edtulo es simplemente\u00a0Lali, y es\u00a0su trabajo m\u00e1s pop, donde combina los sonidos de los 2000\u00a0con el\u00a0hyper pop, dance, bases electr\u00f3nicas y melod\u00edas pegadizas.<\/p>\n<p>Lali lo anunci\u00f3\u00a0as\u00ed: \u201cEste disco es\u00a0Lali\u00a0porque sale de lo m\u00e1s sincero de mi arte y mi persona. Siento que cierra un ciclo de mi vida y de mi carrera. Ahora se abre un nuevo camino, para una nueva Lali. \u00a1Viva el pop! Es para ustedes, amores indisciplinados\u00bb.<\/p>\n<p><img alt=\"\" loading=\"lazy\" decoding=\"async\" class=\"alignnone wp-image-97610 size-full\" src=\"https:\/\/www.cordobatimes.com\/showup\/wp-content\/uploads\/2023\/04\/Photo-shared-by-Spotify-Argentina-on-April-13-2023-tagging-@lalioficial.-May-be-an-image-of-1-person-and-makeup..jpg\" alt=\"\" width=\"1080\" height=\"1080\" srcset=\"https:\/\/www.cordobatimes.com\/showup\/wp-content\/uploads\/2023\/04\/Photo-shared-by-Spotify-Argentina-on-April-13-2023-tagging-@lalioficial.-May-be-an-image-of-1-person-and-makeup..jpg 1080w, https:\/\/www.cordobatimes.com\/showup\/wp-content\/uploads\/2023\/04\/Photo-shared-by-Spotify-Argentina-on-April-13-2023-tagging-@lalioficial.-May-be-an-image-of-1-person-and-makeup.-420x420.jpg 420w, https:\/\/www.cordobatimes.com\/showup\/wp-content\/uploads\/2023\/04\/Photo-shared-by-Spotify-Argentina-on-April-13-2023-tagging-@lalioficial.-May-be-an-image-of-1-person-and-makeup.-1024x1024.jpg 1024w, https:\/\/www.cordobatimes.com\/showup\/wp-content\/uploads\/2023\/04\/Photo-shared-by-Spotify-Argentina-on-April-13-2023-tagging-@lalioficial.-May-be-an-image-of-1-person-and-makeup.-768x768.jpg 768w, https:\/\/www.cordobatimes.com\/showup\/wp-content\/uploads\/2023\/04\/Photo-shared-by-Spotify-Argentina-on-April-13-2023-tagging-@lalioficial.-May-be-an-image-of-1-person-and-makeup.-696x696.jpg 696w, https:\/\/www.cordobatimes.com\/showup\/wp-content\/uploads\/2023\/04\/Photo-shared-by-Spotify-Argentina-on-April-13-2023-tagging-@lalioficial.-May-be-an-image-of-1-person-and-makeup.-1068x1068.jpg 1068w\" sizes=\"auto, (max-width: 1080px) 100vw, 1080px\" \/><\/p>\n<p><img alt=\"\" loading=\"lazy\" decoding=\"async\" class=\"alignnone wp-image-97611 size-full\" src=\"https:\/\/www.cordobatimes.com\/showup\/wp-content\/uploads\/2023\/04\/Photo-by-LALI\ud83d\udda4-on-March-31-2023.-May-be-an-image-of-1-person..jpg\" alt=\"\" width=\"1440\" height=\"1440\" srcset=\"https:\/\/www.cordobatimes.com\/showup\/wp-content\/uploads\/2023\/04\/Photo-by-LALI\ud83d\udda4-on-March-31-2023.-May-be-an-image-of-1-person..jpg 1440w, https:\/\/www.cordobatimes.com\/showup\/wp-content\/uploads\/2023\/04\/Photo-by-LALI\ud83d\udda4-on-March-31-2023.-May-be-an-image-of-1-person.-420x420.jpg 420w, https:\/\/www.cordobatimes.com\/showup\/wp-content\/uploads\/2023\/04\/Photo-by-LALI\ud83d\udda4-on-March-31-2023.-May-be-an-image-of-1-person.-1024x1024.jpg 1024w, https:\/\/www.cordobatimes.com\/showup\/wp-content\/uploads\/2023\/04\/Photo-by-LALI\ud83d\udda4-on-March-31-2023.-May-be-an-image-of-1-person.-768x768.jpg 768w, https:\/\/www.cordobatimes.com\/showup\/wp-content\/uploads\/2023\/04\/Photo-by-LALI\ud83d\udda4-on-March-31-2023.-May-be-an-image-of-1-person.-696x696.jpg 696w, https:\/\/www.cordobatimes.com\/showup\/wp-content\/uploads\/2023\/04\/Photo-by-LALI\ud83d\udda4-on-March-31-2023.-May-be-an-image-of-1-person.-1068x1068.jpg 1068w\" sizes=\"auto, (max-width: 1440px) 100vw, 1440px\" \/><\/p>\n<p>1.Obsesi\u00f3n<br \/>\n2.Disciplina<br \/>\n3. C\u00f3mprame un Brishito<br \/>\n4. KO<br \/>\n5. 2 son 3<br \/>\n6. Incondicional<br \/>\n7. Qui\u00e9nes son?<br \/>\n8. Diva<br \/>\n9. N5<br \/>\n10. Ahora<br \/>\n11. MOTIVEISHON<br \/>\n12. Como t\u00fa<br \/>\n13. Sola<br \/>\nMFB<\/p>\n<p><iframe loading=\"lazy\" style=\"border-radius: 12px;\" src=\"https:\/\/open.spotify.com\/embed\/album\/2nc62Mll62aIDw3wUiAHW3?utm_source=generator\" width=\"100%\" height=\"352\" frameborder=\"0\" allowfullscreen=\"allowfullscreen\"><\/iframe><\/p>\n","protected":false},"excerpt":{"rendered":"<p>Con invitados como Moria Cas\u00e1n y Ca7riel El nuevo y m\u00e1s personal \u00e1lbum de Lali, donde re\u00fane los hits que hab\u00edan salido como adelanto, como Disciplina, C\u00f3mprame un brishito, N5, Diva, Como t\u00fa, Motiveishon y 2 son 3, a las que se suman seis canciones in\u00e9ditas. El t\u00edtulo es simplemente\u00a0Lali, y es\u00a0su trabajo m\u00e1s pop, [&hellip;]<\/p>\n","protected":false},"author":1,"featured_media":97609,"comment_status":"closed","ping_status":"closed","sticky":false,"template":"","format":"standard","meta":{"_seopress_robots_primary_cat":"","_seopress_titles_title":"","_seopress_titles_desc":"","_seopress_robots_index":"","footnotes":""},"categories":[5],"tags":[36885,36884,36883],"class_list":{"0":"post-97608","1":"post","2":"type-post","3":"status-publish","4":"format-standard","5":"has-post-thumbnail","7":"category-musica","8":"tag-lali-quinto-album","9":"tag-nuevo-album-de-lali","10":"tag-quinto-album-de-lali"},"_links":{"self":[{"href":"https:\/\/www.cordobatimes.com\/showup\/wp-json\/wp\/v2\/posts\/97608","targetHints":{"allow":["GET"]}}],"collection":[{"href":"https:\/\/www.cordobatimes.com\/showup\/wp-json\/wp\/v2\/posts"}],"about":[{"href":"https:\/\/www.cordobatimes.com\/showup\/wp-json\/wp\/v2\/types\/post"}],"author":[{"embeddable":true,"href":"https:\/\/www.cordobatimes.com\/showup\/wp-json\/wp\/v2\/users\/1"}],"replies":[{"embeddable":true,"href":"https:\/\/www.cordobatimes.com\/showup\/wp-json\/wp\/v2\/comments?post=97608"}],"version-history":[{"count":0,"href":"https:\/\/www.cordobatimes.com\/showup\/wp-json\/wp\/v2\/posts\/97608\/revisions"}],"wp:featuredmedia":[{"embeddable":true,"href":"https:\/\/www.cordobatimes.com\/showup\/wp-json\/wp\/v2\/media\/97609"}],"wp:attachment":[{"href":"https:\/\/www.cordobatimes.com\/showup\/wp-json\/wp\/v2\/media?parent=97608"}],"wp:term":[{"taxonomy":"category","embeddable":true,"href":"https:\/\/www.cordobatimes.com\/showup\/wp-json\/wp\/v2\/categories?post=97608"},{"taxonomy":"post_tag","embeddable":true,"href":"https:\/\/www.cordobatimes.com\/showup\/wp-json\/wp\/v2\/tags?post=97608"}],"curies":[{"name":"wp","href":"https:\/\/api.w.org\/{rel}","templated":true}]}}