{"id":97604,"date":"2023-04-13T17:48:58","date_gmt":"2023-04-13T20:48:58","guid":{"rendered":"https:\/\/www.cordobatimes.com\/showup\/?p=97604"},"modified":"2023-04-13T17:48:58","modified_gmt":"2023-04-13T20:48:58","slug":"un-ex-gran-hermano-organiza-una-protesta-en-las-calles-de-madrid-contra-jey-mammon","status":"publish","type":"post","link":"https:\/\/www.cordobatimes.com\/showup\/internet\/2023\/04\/13\/un-ex-gran-hermano-organiza-una-protesta-en-las-calles-de-madrid-contra-jey-mammon\/","title":{"rendered":"Un ex Gran Hermano organiza una protesta en las calles de Madrid contra Jey Mammon"},"content":{"rendered":"<h3><strong>Hace unas horas se expres\u00f3 en sus redes sociales y explic\u00f3 por qu\u00e9 el conductor no es bien recibido.<\/strong><\/h3>\n<p>La vida que llevaba\u00a0Jey Mammon\u00a0en Argentina se puso en pausa a ra\u00edz de la denuncia que le hizo\u00a0Lucas Benvenuto\u00a0por presunto abuso sexual. Ante esta situaci\u00f3n, el conductor qued\u00f3 suspendido de sus actividades laborales en\u00a0Telefe\u00a0y tom\u00f3 la decisi\u00f3n de abandonar Buenos Aires. Se tom\u00f3 un vuelo hacia Madrid donde mantiene un perfil bajo y alejado de los medios.<\/p>\n<p>En ese sentido, argentinos que est\u00e1n al tanto de la denuncia y viven en el exterior, manifestaron su descontento ante la llegada de Mammon al pa\u00eds. Uno de ellos fue el finalista de la sexta edici\u00f3n de\u00a0Gran Hermano,\u00a0Emiliano Boscatto, quien utiliz\u00f3 sus redes para convocar a un escrache contra Jey.<\/p>\n<p>Cabe destacar que Emiliano vive en Madrid y trabaj\u00f3 all\u00ed como actor er\u00f3tico en films desde hace ocho a\u00f1os. \u201cCon un grupo de argentinos estamos preparando un escrache p\u00fablico para este pr\u00f3fugo\u201d, comenz\u00f3 diciendo el exhermanito a trav\u00e9s de su cuenta de Instagram donde supera los 80 mil seguidores. Boscatto tambi\u00e9n invit\u00f3 alent\u00f3 al resto: \u201cSi quieren sumarse, me escriben\u201d.<\/p>\n<p><img alt=\"\" loading=\"lazy\" decoding=\"async\" class=\"alignnone wp-image-97605 size-full\" src=\"https:\/\/www.cordobatimes.com\/showup\/wp-content\/uploads\/2023\/04\/Pantallazo-13-04-2023-17.38.13.jpg\" alt=\"\" width=\"500\" height=\"855\" srcset=\"https:\/\/www.cordobatimes.com\/showup\/wp-content\/uploads\/2023\/04\/Pantallazo-13-04-2023-17.38.13.jpg 500w, https:\/\/www.cordobatimes.com\/showup\/wp-content\/uploads\/2023\/04\/Pantallazo-13-04-2023-17.38.13-246x420.jpg 246w\" sizes=\"auto, (max-width: 500px) 100vw, 500px\" \/><\/p>\n<p>Junto al texto que escribi\u00f3 subi\u00f3 un clip de LAM en donde hablaban del tema y dec\u00eda: \u201cJey Mamm\u00f3n: m\u00e1s solo que nunca, el peor momento de su vida\u201d. El objetivo de Emiliano es juntarse con varias personas un d\u00eda espec\u00edfico y en alg\u00fan lugar que llame la atenci\u00f3n para expresar el rechazo de la llegada del conductor.<\/p>\n<p>Aunque eso no fue todo, luego comparti\u00f3 una nota donde se le\u00eda un textual de Benvenuto, el denunciante de Jey. \u201cEra una persona de 30 y pico con una de 14. No creo que eso sea una relaci\u00f3n\u201d, afirm\u00f3 el joven. En ese sentido, el ex Gran Hermano a\u00f1adi\u00f3: \u201cLucas, no est\u00e1s solo&#8230; aqu\u00ed seguiremos por tu lucha\u201d.<\/p>\n<p><img alt=\"\" loading=\"lazy\" decoding=\"async\" class=\"alignnone wp-image-97606 size-full\" src=\"https:\/\/www.cordobatimes.com\/showup\/wp-content\/uploads\/2023\/04\/Pantallazo-13-04-2023-17.41.25.jpg\" alt=\"\" width=\"513\" height=\"854\" srcset=\"https:\/\/www.cordobatimes.com\/showup\/wp-content\/uploads\/2023\/04\/Pantallazo-13-04-2023-17.41.25.jpg 513w, https:\/\/www.cordobatimes.com\/showup\/wp-content\/uploads\/2023\/04\/Pantallazo-13-04-2023-17.41.25-252x420.jpg 252w\" sizes=\"auto, (max-width: 513px) 100vw, 513px\" \/><\/p>\n<p>&nbsp;<\/p>\n","protected":false},"excerpt":{"rendered":"<p>Hace unas horas se expres\u00f3 en sus redes sociales y explic\u00f3 por qu\u00e9 el conductor no es bien recibido. La vida que llevaba\u00a0Jey Mammon\u00a0en Argentina se puso en pausa a ra\u00edz de la denuncia que le hizo\u00a0Lucas Benvenuto\u00a0por presunto abuso sexual. Ante esta situaci\u00f3n, el conductor qued\u00f3 suspendido de sus actividades laborales en\u00a0Telefe\u00a0y tom\u00f3 la [&hellip;]<\/p>\n","protected":false},"author":1,"featured_media":97293,"comment_status":"closed","ping_status":"closed","sticky":false,"template":"","format":"standard","meta":{"_seopress_robots_primary_cat":"","_seopress_titles_title":"","_seopress_titles_desc":"","_seopress_robots_index":"","footnotes":""},"categories":[22956],"tags":[36643,36880,36881,36882],"class_list":{"0":"post-97604","1":"post","2":"type-post","3":"status-publish","4":"format-standard","5":"has-post-thumbnail","7":"category-internet","8":"tag-caso-jey-mammon","9":"tag-emiliano-boscatto-ex-gran-hermano","10":"tag-emiliano-boscatto-y-jey-mammon","11":"tag-protesta-contra-jey-mammon"},"_links":{"self":[{"href":"https:\/\/www.cordobatimes.com\/showup\/wp-json\/wp\/v2\/posts\/97604","targetHints":{"allow":["GET"]}}],"collection":[{"href":"https:\/\/www.cordobatimes.com\/showup\/wp-json\/wp\/v2\/posts"}],"about":[{"href":"https:\/\/www.cordobatimes.com\/showup\/wp-json\/wp\/v2\/types\/post"}],"author":[{"embeddable":true,"href":"https:\/\/www.cordobatimes.com\/showup\/wp-json\/wp\/v2\/users\/1"}],"replies":[{"embeddable":true,"href":"https:\/\/www.cordobatimes.com\/showup\/wp-json\/wp\/v2\/comments?post=97604"}],"version-history":[{"count":0,"href":"https:\/\/www.cordobatimes.com\/showup\/wp-json\/wp\/v2\/posts\/97604\/revisions"}],"wp:featuredmedia":[{"embeddable":true,"href":"https:\/\/www.cordobatimes.com\/showup\/wp-json\/wp\/v2\/media\/97293"}],"wp:attachment":[{"href":"https:\/\/www.cordobatimes.com\/showup\/wp-json\/wp\/v2\/media?parent=97604"}],"wp:term":[{"taxonomy":"category","embeddable":true,"href":"https:\/\/www.cordobatimes.com\/showup\/wp-json\/wp\/v2\/categories?post=97604"},{"taxonomy":"post_tag","embeddable":true,"href":"https:\/\/www.cordobatimes.com\/showup\/wp-json\/wp\/v2\/tags?post=97604"}],"curies":[{"name":"wp","href":"https:\/\/api.w.org\/{rel}","templated":true}]}}