{"id":97579,"date":"2023-04-12T19:14:21","date_gmt":"2023-04-12T22:14:21","guid":{"rendered":"https:\/\/www.cordobatimes.com\/showup\/?p=97579"},"modified":"2023-04-12T19:14:21","modified_gmt":"2023-04-12T22:14:21","slug":"jey-mammon-hablo-desde-espana","status":"publish","type":"post","link":"https:\/\/www.cordobatimes.com\/showup\/famosos\/2023\/04\/12\/jey-mammon-hablo-desde-espana\/","title":{"rendered":"Jey Mammon habl\u00f3 desde Espa\u00f1a"},"content":{"rendered":"<h3><strong>Luego de instalarse en Madrid, el exconductor de La Pe\u00f1a de Morfi mantuvo un di\u00e1logo con la periodista Mariana Brey<\/strong><\/h3>\n<p>Jey Mammon\u00a0habl\u00f3 desde Madrid, Espa\u00f1a, ciudad en la que se instal\u00f3 hace poco menos de una semana en busca de tranquilidad luego del esc\u00e1ndalo medi\u00e1tico que gener\u00f3 la denuncia por presunto abuso sexual de menores presentada por\u00a0Lucas Benvenuto\u00a0en 2020.<\/p>\n<p>Mammon dialog\u00f3 v\u00eda chat con Mariana Brey, panelista de\u00a0Socios del Espect\u00e1culo\u00a0(El Trece) y dio algunas pautas de su presente, refiri\u00e9ndose tanto a la condena social que acarrea y la posibilidad de llevar a la Justicia a Benvenuto por \u201ccalumnias e injurias\u201d. \u201cHola, Marian, \u00bfqu\u00e9 hac\u00e9s? Yo en Espa\u00f1a, tratando de que mi cabeza est\u00e9 en otro lado, pero s\u00e9 que es dif\u00edcil despejarla\u201d, comenz\u00f3 dici\u00e9ndole el exconductor de\u00a0La Pe\u00f1a de Morfi\u00a0(Telefe) a la periodista.<\/p>\n<p>Luego, Brey le pregunt\u00f3 acerca de una posible denuncia a Lucas por \u201ccalumnias e injurias\u201d y la continuidad de Fernando Burlando como su abogado defensor. \u201cA\u00fan no tom\u00e9 ninguna decisi\u00f3n. \u00c9l fue mi abogado defensor en su momento, pero si me pregunt\u00e1s ahora, todav\u00eda no tom\u00e9 ninguna decisi\u00f3n\u201d, respondi\u00f3 el m\u00fasico a la vez en que hizo referencia al momento en que fue sobrese\u00eddo en la denuncia de presunto abuso.<\/p>\n<p>Asimismo, Jey cont\u00f3 que le pide a su familia que no le \u201cmande nada. Trato de desenchufar. Te juro que no quiero ahora pensar en nada\u201d. Por otra parte, puntualiz\u00f3: \u201cYo hoy no necesito abogado salvo que decida accionar, el origen ser\u00eda ese (calumnias e injurias) y tendr\u00eda que evaluar qui\u00e9n me represente, pero la verdad es que estoy esperando.. tengo mi cabeza en apagado, en mute, hasta que decida qu\u00e9 es lo que voy a hacer\u201d.<\/p>\n<p>Tambi\u00e9n fue consultado acerca del trato que recibe de parte de los argentinos residentes en Madrid que lo reconocen por la calle. \u201cLos argentinos ac\u00e1 me tratan con mucho amor, se dicen muchas cosas&#8230;\u201d, dijo.<\/p>\n","protected":false},"excerpt":{"rendered":"<p>Luego de instalarse en Madrid, el exconductor de La Pe\u00f1a de Morfi mantuvo un di\u00e1logo con la periodista Mariana Brey Jey Mammon\u00a0habl\u00f3 desde Madrid, Espa\u00f1a, ciudad en la que se instal\u00f3 hace poco menos de una semana en busca de tranquilidad luego del esc\u00e1ndalo medi\u00e1tico que gener\u00f3 la denuncia por presunto abuso sexual de menores [&hellip;]<\/p>\n","protected":false},"author":1,"featured_media":97580,"comment_status":"closed","ping_status":"closed","sticky":false,"template":"","format":"standard","meta":{"_seopress_robots_primary_cat":"","_seopress_titles_title":"","_seopress_titles_desc":"","_seopress_robots_index":"","footnotes":""},"categories":[4],"tags":[36643,36830],"class_list":{"0":"post-97579","1":"post","2":"type-post","3":"status-publish","4":"format-standard","5":"has-post-thumbnail","7":"category-famosos","9":"tag-jey-mammon-en-espana"},"_links":{"self":[{"href":"https:\/\/www.cordobatimes.com\/showup\/wp-json\/wp\/v2\/posts\/97579","targetHints":{"allow":["GET"]}}],"collection":[{"href":"https:\/\/www.cordobatimes.com\/showup\/wp-json\/wp\/v2\/posts"}],"about":[{"href":"https:\/\/www.cordobatimes.com\/showup\/wp-json\/wp\/v2\/types\/post"}],"author":[{"embeddable":true,"href":"https:\/\/www.cordobatimes.com\/showup\/wp-json\/wp\/v2\/users\/1"}],"replies":[{"embeddable":true,"href":"https:\/\/www.cordobatimes.com\/showup\/wp-json\/wp\/v2\/comments?post=97579"}],"version-history":[{"count":0,"href":"https:\/\/www.cordobatimes.com\/showup\/wp-json\/wp\/v2\/posts\/97579\/revisions"}],"wp:featuredmedia":[{"embeddable":true,"href":"https:\/\/www.cordobatimes.com\/showup\/wp-json\/wp\/v2\/media\/97580"}],"wp:attachment":[{"href":"https:\/\/www.cordobatimes.com\/showup\/wp-json\/wp\/v2\/media?parent=97579"}],"wp:term":[{"taxonomy":"category","embeddable":true,"href":"https:\/\/www.cordobatimes.com\/showup\/wp-json\/wp\/v2\/categories?post=97579"},{"taxonomy":"post_tag","embeddable":true,"href":"https:\/\/www.cordobatimes.com\/showup\/wp-json\/wp\/v2\/tags?post=97579"}],"curies":[{"name":"wp","href":"https:\/\/api.w.org\/{rel}","templated":true}]}}