{"id":97575,"date":"2023-04-12T11:56:56","date_gmt":"2023-04-12T14:56:56","guid":{"rendered":"https:\/\/www.cordobatimes.com\/showup\/?p=97575"},"modified":"2023-04-12T11:56:56","modified_gmt":"2023-04-12T14:56:56","slug":"andrea-rincon-hablo-sobre-la-denuncia-a-jey-mammon-yo-le-creo-a-jey","status":"publish","type":"post","link":"https:\/\/www.cordobatimes.com\/showup\/tv\/2023\/04\/12\/andrea-rincon-hablo-sobre-la-denuncia-a-jey-mammon-yo-le-creo-a-jey\/","title":{"rendered":"Andrea Rinc\u00f3n habl\u00f3  sobre la denuncia a Jey Mamm\u00f3n: \u00abYo le creo a Jey\u00bb."},"content":{"rendered":"<h3><strong>La actriz hizo una nota con #SociosDelEspectaculo sobre la denuncia a Jey Mamm\u00f3n: \u00abYo le creo a Jey\u00bb.<\/strong><\/h3>\n<div style=\"width: 480px;\" class=\"wp-video\"><video class=\"wp-video-shortcode\" id=\"video-97575-1\" width=\"480\" height=\"270\" preload=\"metadata\" controls=\"controls\"><source type=\"video\/mp4\" src=\"https:\/\/www.cordobatimes.com\/showup\/wp-content\/uploads\/2023\/04\/SpoUUEQG9CJzRnDH.mp4?_=1\" \/><a href=\"https:\/\/www.cordobatimes.com\/showup\/wp-content\/uploads\/2023\/04\/SpoUUEQG9CJzRnDH.mp4\">https:\/\/www.cordobatimes.com\/showup\/wp-content\/uploads\/2023\/04\/SpoUUEQG9CJzRnDH.mp4<\/a><\/video><\/div>\n","protected":false},"excerpt":{"rendered":"<p>La actriz hizo una nota con #SociosDelEspectaculo sobre la denuncia a Jey Mamm\u00f3n: \u00abYo le creo a Jey\u00bb.<\/p>\n","protected":false},"author":1,"featured_media":97576,"comment_status":"closed","ping_status":"closed","sticky":false,"template":"","format":"standard","meta":{"_seopress_robots_primary_cat":"","_seopress_titles_title":"","_seopress_titles_desc":"","_seopress_robots_index":"","footnotes":""},"categories":[2],"tags":[36643,36871],"class_list":{"0":"post-97575","1":"post","2":"type-post","3":"status-publish","4":"format-standard","5":"has-post-thumbnail","7":"category-tv","8":"tag-caso-jey-mammon","9":"tag-jey-mammon-andrea-rincon"},"_links":{"self":[{"href":"https:\/\/www.cordobatimes.com\/showup\/wp-json\/wp\/v2\/posts\/97575","targetHints":{"allow":["GET"]}}],"collection":[{"href":"https:\/\/www.cordobatimes.com\/showup\/wp-json\/wp\/v2\/posts"}],"about":[{"href":"https:\/\/www.cordobatimes.com\/showup\/wp-json\/wp\/v2\/types\/post"}],"author":[{"embeddable":true,"href":"https:\/\/www.cordobatimes.com\/showup\/wp-json\/wp\/v2\/users\/1"}],"replies":[{"embeddable":true,"href":"https:\/\/www.cordobatimes.com\/showup\/wp-json\/wp\/v2\/comments?post=97575"}],"version-history":[{"count":0,"href":"https:\/\/www.cordobatimes.com\/showup\/wp-json\/wp\/v2\/posts\/97575\/revisions"}],"wp:featuredmedia":[{"embeddable":true,"href":"https:\/\/www.cordobatimes.com\/showup\/wp-json\/wp\/v2\/media\/97576"}],"wp:attachment":[{"href":"https:\/\/www.cordobatimes.com\/showup\/wp-json\/wp\/v2\/media?parent=97575"}],"wp:term":[{"taxonomy":"category","embeddable":true,"href":"https:\/\/www.cordobatimes.com\/showup\/wp-json\/wp\/v2\/categories?post=97575"},{"taxonomy":"post_tag","embeddable":true,"href":"https:\/\/www.cordobatimes.com\/showup\/wp-json\/wp\/v2\/tags?post=97575"}],"curies":[{"name":"wp","href":"https:\/\/api.w.org\/{rel}","templated":true}]}}