{"id":97568,"date":"2023-04-12T11:27:27","date_gmt":"2023-04-12T14:27:27","guid":{"rendered":"https:\/\/www.cordobatimes.com\/showup\/?p=97568"},"modified":"2023-04-12T11:27:27","modified_gmt":"2023-04-12T14:27:27","slug":"jey-mammon-en-espana-el-proyecto-que-quiere-hacer-con-un-actor-argentino","status":"publish","type":"post","link":"https:\/\/www.cordobatimes.com\/showup\/famosos\/2023\/04\/12\/jey-mammon-en-espana-el-proyecto-que-quiere-hacer-con-un-actor-argentino\/","title":{"rendered":"Jey Mammon en Espa\u00f1a:  el proyecto que quiere hacer con un actor argentino"},"content":{"rendered":"<h3><strong>\u00c1ngel de Brito dio a conocer en LAM una filmaci\u00f3n en Madrid, ciudad a la que el m\u00fasico y conductor viaj\u00f3 para aislarse y despejar la mente en medio del esc\u00e1ndalo con Lucas Benvenuto.<\/strong><\/h3>\n<p>A pesar de que\u00a0Jey Mammon\u00a0asegur\u00f3 que se fue a\u00a0Espa\u00f1a, para descansar la mente, la pol\u00e9mica por las denuncias de\u00a0Lucas Benvenuto\u00a0por abuso contin\u00faan. En esta oportunidad,\u00a0\u00c1ngel de Brito\u00a0hizo p\u00fablicas las im\u00e1genes del m\u00fasico y conductor caminando por las calles de Madrid y dio detalles de c\u00f3mo transita sus d\u00edas en el pa\u00eds europeo.<\/p>\n<p>Si bien en un principio se hab\u00eda dicho que\u00a0Cecilia Roth\u00a0hab\u00eda alojado al conductor en su casa madrile\u00f1a, la actriz lo desminti\u00f3 de inmediato. \u201cNo tengo casa en Madrid, alquilo un departamento siempre, generalmente el mismo, y ahora no estoy all\u00e1, estoy en Barcelona rodando\u201d, explic\u00f3 en di\u00e1logo con el periodista Juan Etchegoyen. En la misma l\u00ednea habl\u00f3 con De Brito: \u201cMe reservo mi opini\u00f3n sobre este caso, es muy delicado. Quiero ser prudente, no quiero involucrarme\u201d.<\/p>\n<p>De esta manera, seg\u00fan cont\u00f3 De Brito, Jey vive en un hotel. Y agreg\u00f3: \u201cEstuvo varias horas horas reunido con un actor argentino, que est\u00e1 all\u00e1, se llama Omar Calicchio. \u00a1Muy conocido! Jey Mammon le cont\u00f3 que est\u00e1 m\u00e1s tranquilo, m\u00e1s despejado y que baj\u00f3 un poco el acoso medi\u00e1tico\u201d.<\/p>\n<div style=\"width: 640px;\" class=\"wp-video\"><video class=\"wp-video-shortcode\" id=\"video-97568-1\" width=\"640\" height=\"360\" preload=\"metadata\" controls=\"controls\"><source type=\"video\/mp4\" src=\"https:\/\/www.cordobatimes.com\/showup\/wp-content\/uploads\/2023\/04\/fuaIx5dZ-34105381.mp4?_=1\" \/><a href=\"https:\/\/www.cordobatimes.com\/showup\/wp-content\/uploads\/2023\/04\/fuaIx5dZ-34105381.mp4\">https:\/\/www.cordobatimes.com\/showup\/wp-content\/uploads\/2023\/04\/fuaIx5dZ-34105381.mp4<\/a><\/video><\/div>\n<p><img alt=\"\" loading=\"lazy\" decoding=\"async\" class=\"alignnone size-medium wp-image-97570\" src=\"https:\/\/www.cordobatimes.com\/showup\/wp-content\/uploads\/2023\/04\/Pantallazo-12-04-2023-11.25.17-589x420.jpg\" alt=\"\" width=\"589\" height=\"420\" srcset=\"https:\/\/www.cordobatimes.com\/showup\/wp-content\/uploads\/2023\/04\/Pantallazo-12-04-2023-11.25.17-589x420.jpg 589w, https:\/\/www.cordobatimes.com\/showup\/wp-content\/uploads\/2023\/04\/Pantallazo-12-04-2023-11.25.17-768x548.jpg 768w, https:\/\/www.cordobatimes.com\/showup\/wp-content\/uploads\/2023\/04\/Pantallazo-12-04-2023-11.25.17-696x497.jpg 696w, https:\/\/www.cordobatimes.com\/showup\/wp-content\/uploads\/2023\/04\/Pantallazo-12-04-2023-11.25.17-100x70.jpg 100w, https:\/\/www.cordobatimes.com\/showup\/wp-content\/uploads\/2023\/04\/Pantallazo-12-04-2023-11.25.17.jpg 827w\" sizes=\"auto, (max-width: 589px) 100vw, 589px\" \/><\/p>\n<p>Adem\u00e1s, el conductor del ciclo de Am\u00e9rica aegur\u00f3 que el encuentro se produjo en una confiter\u00eda y hablaron de hacer un proyecto juntos. \u201cJey Mammon quiere escribir un musical\u201d, remarc\u00f3 el periodista que prometi\u00f3 mostrar m\u00e1s im\u00e1genes de los d\u00edas de Jey en Espa\u00f1a.<\/p>\n","protected":false},"excerpt":{"rendered":"<p>\u00c1ngel de Brito dio a conocer en LAM una filmaci\u00f3n en Madrid, ciudad a la que el m\u00fasico y conductor viaj\u00f3 para aislarse y despejar la mente en medio del esc\u00e1ndalo con Lucas Benvenuto. A pesar de que\u00a0Jey Mammon\u00a0asegur\u00f3 que se fue a\u00a0Espa\u00f1a, para descansar la mente, la pol\u00e9mica por las denuncias de\u00a0Lucas Benvenuto\u00a0por abuso [&hellip;]<\/p>\n","protected":false},"author":1,"featured_media":97359,"comment_status":"closed","ping_status":"closed","sticky":false,"template":"","format":"standard","meta":{"_seopress_robots_primary_cat":"","_seopress_titles_title":"","_seopress_titles_desc":"","_seopress_robots_index":"","footnotes":""},"categories":[4],"tags":[36643,36830],"class_list":{"0":"post-97568","1":"post","2":"type-post","3":"status-publish","4":"format-standard","5":"has-post-thumbnail","7":"category-famosos","9":"tag-jey-mammon-en-espana"},"_links":{"self":[{"href":"https:\/\/www.cordobatimes.com\/showup\/wp-json\/wp\/v2\/posts\/97568","targetHints":{"allow":["GET"]}}],"collection":[{"href":"https:\/\/www.cordobatimes.com\/showup\/wp-json\/wp\/v2\/posts"}],"about":[{"href":"https:\/\/www.cordobatimes.com\/showup\/wp-json\/wp\/v2\/types\/post"}],"author":[{"embeddable":true,"href":"https:\/\/www.cordobatimes.com\/showup\/wp-json\/wp\/v2\/users\/1"}],"replies":[{"embeddable":true,"href":"https:\/\/www.cordobatimes.com\/showup\/wp-json\/wp\/v2\/comments?post=97568"}],"version-history":[{"count":0,"href":"https:\/\/www.cordobatimes.com\/showup\/wp-json\/wp\/v2\/posts\/97568\/revisions"}],"wp:featuredmedia":[{"embeddable":true,"href":"https:\/\/www.cordobatimes.com\/showup\/wp-json\/wp\/v2\/media\/97359"}],"wp:attachment":[{"href":"https:\/\/www.cordobatimes.com\/showup\/wp-json\/wp\/v2\/media?parent=97568"}],"wp:term":[{"taxonomy":"category","embeddable":true,"href":"https:\/\/www.cordobatimes.com\/showup\/wp-json\/wp\/v2\/categories?post=97568"},{"taxonomy":"post_tag","embeddable":true,"href":"https:\/\/www.cordobatimes.com\/showup\/wp-json\/wp\/v2\/tags?post=97568"}],"curies":[{"name":"wp","href":"https:\/\/api.w.org\/{rel}","templated":true}]}}