{"id":97562,"date":"2023-04-11T19:17:05","date_gmt":"2023-04-11T22:17:05","guid":{"rendered":"https:\/\/www.cordobatimes.com\/showup\/?p=97562"},"modified":"2023-04-11T19:17:05","modified_gmt":"2023-04-11T22:17:05","slug":"cecilia-roth-nego-que-estuviera-alojando-a-jey-mammon-en-espana","status":"publish","type":"post","link":"https:\/\/www.cordobatimes.com\/showup\/famosos\/2023\/04\/11\/cecilia-roth-nego-que-estuviera-alojando-a-jey-mammon-en-espana\/","title":{"rendered":"Cecilia Roth neg\u00f3 que estuviera alojando a Jey Mammon en Espa\u00f1a"},"content":{"rendered":"<h3><strong>La actriz se refiri\u00f3 a los rumores que trascendieron tras el viaje del conductor a Europa<\/strong><\/h3>\n<p>La semana pasada,\u00a0Jey Mammon\u00a0abandon\u00f3 Buenos Aires y se tom\u00f3 un vuelo hacia Madrid. El exconductor de\u00a0La Pe\u00f1a de Morfi\u00a0dej\u00f3 la Argentina despu\u00e9s de que tomara estado p\u00fablico la denuncia que le hizo\u00a0Lucas Benvenuto\u00a0por supuesto abuso sexual.<\/p>\n<p>Apenas lleg\u00f3 a Espa\u00f1a, lo estaban esperando periodistas en el aeropuerto. \u201c\u00bfCr\u00e9es que vas a poder descansar?\u201d, le preguntaron. \u201cSi me dejan ustedes, s\u00ed\u201d, replic\u00f3. \u201c\u00bfVas a poder caminar mejor por la calle?\u201d, insistieron, mientras el conductor buscaba la manera de llegar a un taxi. \u201c\u00bfC\u00f3mo te sent\u00eds ahora?\u201d, continuaron las preguntas. \u201cUn poco asediado, porque me vine a descansar un poquito y no me imagin\u00e9 que me iban a esperar\u201d admiti\u00f3.<\/p>\n<p>En algunos medios trascendi\u00f3 que el m\u00fasico se estaba alojando en una casa en Madrid de la reconocida actriz\u00a0Cecilia Roth, quien en este momento se encuentra en Espa\u00f1a por sus compromisos laborales. El periodista\u00a0Juan Etchegoyen\u00a0se comunic\u00f3 con la artista para preguntarle si era cierta esta noticia y explic\u00f3 que ella estaba \u201cindignada\u201d.<\/p>\n<p>En el ciclo\u00a0Mitre Live, el conductor pas\u00f3 un audio que le mand\u00f3 Cecilia. \u201cNo tengo casa en Madrid, alquilo un departamento siempre, generalmente el mismo, y ahora no estoy all\u00e1, estoy en Barcelona rodando\u201d, explic\u00f3 la actriz. Luego, Etchegoyen agreg\u00f3: \u201cLo que me suma Roth es lo siguiente \u00b4se empieza repitiendo y se contin\u00faa agregando suposiciones personales. Es muy poco serio y seg\u00fan lo que dec\u00eds pod\u00e9s estar haciendo mucho da\u00f1o irreversible\u00b4\u201d<\/p>\n<p>&nbsp;<\/p>\n","protected":false},"excerpt":{"rendered":"<p>La actriz se refiri\u00f3 a los rumores que trascendieron tras el viaje del conductor a Europa La semana pasada,\u00a0Jey Mammon\u00a0abandon\u00f3 Buenos Aires y se tom\u00f3 un vuelo hacia Madrid. El exconductor de\u00a0La Pe\u00f1a de Morfi\u00a0dej\u00f3 la Argentina despu\u00e9s de que tomara estado p\u00fablico la denuncia que le hizo\u00a0Lucas Benvenuto\u00a0por supuesto abuso sexual. Apenas lleg\u00f3 a [&hellip;]<\/p>\n","protected":false},"author":1,"featured_media":97563,"comment_status":"closed","ping_status":"closed","sticky":false,"template":"","format":"standard","meta":{"_seopress_robots_primary_cat":"","_seopress_titles_title":"","_seopress_titles_desc":"","_seopress_robots_index":"","footnotes":""},"categories":[4],"tags":[36643,36864,36830,36641],"class_list":{"0":"post-97562","1":"post","2":"type-post","3":"status-publish","4":"format-standard","5":"has-post-thumbnail","7":"category-famosos","8":"tag-caso-jey-mammon","10":"tag-jey-mammon-en-espana","11":"tag-jey-mammon-lucas-benvenutto"},"_links":{"self":[{"href":"https:\/\/www.cordobatimes.com\/showup\/wp-json\/wp\/v2\/posts\/97562","targetHints":{"allow":["GET"]}}],"collection":[{"href":"https:\/\/www.cordobatimes.com\/showup\/wp-json\/wp\/v2\/posts"}],"about":[{"href":"https:\/\/www.cordobatimes.com\/showup\/wp-json\/wp\/v2\/types\/post"}],"author":[{"embeddable":true,"href":"https:\/\/www.cordobatimes.com\/showup\/wp-json\/wp\/v2\/users\/1"}],"replies":[{"embeddable":true,"href":"https:\/\/www.cordobatimes.com\/showup\/wp-json\/wp\/v2\/comments?post=97562"}],"version-history":[{"count":0,"href":"https:\/\/www.cordobatimes.com\/showup\/wp-json\/wp\/v2\/posts\/97562\/revisions"}],"wp:featuredmedia":[{"embeddable":true,"href":"https:\/\/www.cordobatimes.com\/showup\/wp-json\/wp\/v2\/media\/97563"}],"wp:attachment":[{"href":"https:\/\/www.cordobatimes.com\/showup\/wp-json\/wp\/v2\/media?parent=97562"}],"wp:term":[{"taxonomy":"category","embeddable":true,"href":"https:\/\/www.cordobatimes.com\/showup\/wp-json\/wp\/v2\/categories?post=97562"},{"taxonomy":"post_tag","embeddable":true,"href":"https:\/\/www.cordobatimes.com\/showup\/wp-json\/wp\/v2\/tags?post=97562"}],"curies":[{"name":"wp","href":"https:\/\/api.w.org\/{rel}","templated":true}]}}