{"id":97556,"date":"2023-04-11T18:20:02","date_gmt":"2023-04-11T21:20:02","guid":{"rendered":"https:\/\/www.cordobatimes.com\/showup\/?p=97556"},"modified":"2023-04-11T18:20:02","modified_gmt":"2023-04-11T21:20:02","slug":"lucas-benvenuto-hablo-de-jey-mammon-escucharlo-me-da-asco","status":"publish","type":"post","link":"https:\/\/www.cordobatimes.com\/showup\/tv\/2023\/04\/11\/lucas-benvenuto-hablo-de-jey-mammon-escucharlo-me-da-asco\/","title":{"rendered":"Lucas Benvenuto habl\u00f3 de Jey Mammon: \u201cEscucharlo me da asco\u201d"},"content":{"rendered":"<h3><strong>El joven que denunci\u00f3 al animador por supuesto abuso sexual, rompi\u00f3 el silencio al brindarle un reportaje a Karina Mazzocco desde su casa de Ushuaia.<\/strong><\/h3>\n<p>Luego de manifestarse en entrevistas por medio de videollamadas y a trav\u00e9s de un vivo de Instagram, Lucas dio una entrevista cara a cara. En la ciudad m\u00e1s austral del mundo, a m\u00e1s de 2.300 kil\u00f3metros de Buenos Aires, Mazzocco present\u00f3 la nota repasando la vida del entrevistado, antes de que el plano se abriera y se viera a Benvenuto. \u201cEstoy bien acompa\u00f1ado y eso es lo importante a la hora de hablar\u201d, se\u00f1al\u00f3 el joven.<\/p>\n<p>\u201cMe llev\u00f3 el tiempo de entender, como me pas\u00f3 con los otros (presuntos abusadores). No me levant\u00e9 un d\u00eda y me di cuenta lo que me hab\u00edan hecho\u201d, afirm\u00f3, y agreg\u00f3 que por el v\u00ednculo que ten\u00eda con Mammon le result\u00f3 m\u00e1s doloroso que en los otros casos. Tambi\u00e9n se refiri\u00f3 al hecho de que ninguna de las personas a las que denunci\u00f3, estaba en prisi\u00f3n: \u201cEn mi casa tengo un cuadrito con las prescripciones. No quiero sumar m\u00e1s\u201d, sentenci\u00f3.<\/p>\n<p>\u201cNo voy a volver a sentarme frente a una silla fr\u00eda con una persona que no sabe c\u00f3mo manejarse en estos temas. \u00bfPod\u00e9s creer que no se pueden juntar a tomar un cafecito y darle una condena firme a mi abusador?\u201d, dijo Benvenuto, sobre la Justicia. \u201cYo s\u00e9 mi verdad, cu\u00e1l es la verdad, denunci\u00e9, habl\u00e9, ped\u00ed ayuda. No quiero dar m\u00e1s detalles de c\u00f3mo fueron los abusos, pero (con Mammon) pas\u00f3 c\u00f3mo fue con los otros, solo que est\u00e1 vez yo siento que fue m\u00e1s profundo en lo psicol\u00f3gico tambi\u00e9n\u201d.<\/p>\n<p>En este punto, Mazzocco le pregunt\u00f3 si le daba asco c\u00f3mo el conductor hab\u00eda definido su relaci\u00f3n. \u201cHoy, a los 30 a\u00f1os,\u00a0escuchar eso en un adulto&#8230; me da asco. No puedo. Cre\u00eda que est\u00e1 mal pero no,\u00a0estar con un chico de 14 a\u00f1os est\u00e1 naturalizado para ellos, en su cabeza, entonces no lo ven como algo malo\u201d, afirm\u00f3.<\/p>\n<p>Respecto al d\u00eda que decidi\u00f3 denunciar a Jey Mammon,\u00a0Lucas revel\u00f3 que pudo hablar gracias a sus a\u00f1os de terapia: \u201cMi psic\u00f3loga conoc\u00eda toda mi historia. No sab\u00eda ni qui\u00e9n era \u00e9l. Pero si ten\u00eda que cerrar toda mi historia, ten\u00eda que hacer eso tambi\u00e9n\u201d. Agreg\u00f3 que en aquel entonces el humorista aparec\u00eda a menudo en televisi\u00f3n con el\u00a0Cantando 2020. \u201cCuando me dijeron que no iban a hacer, tuve que cumplir lo que hab\u00eda hablado en terapia, sab\u00eda que era una posibilidad (que ni siquiera investiguen), y sabiendo el resultado yo me ten\u00eda que preparar para ser fuerte\u201d.<\/p>\n<p>Durante la charla con la conductora, Benvenuto revel\u00f3 que en aquella primera charla con\u00a0A la tarde\u00a0no ten\u00eda pensado aludir a Mammon. \u201cYo te doy esa entrevista porque me indign\u00f3 saber que hab\u00eda un chico detr\u00e1s de esa denuncia que iba a pasar por lo mismo que yo\u201d, dijo, en relaci\u00f3n a la investigaci\u00f3n sobre presunta corrupci\u00f3n de menores en la que entre otros hab\u00edan detenido al productor de\u00a0Gran Hermano\u00a0Marcelo Corazza: \u201cYa sab\u00eda que iba a prescribir su denuncia, y de solo saber que pod\u00eda ayudarlo con mi palabra, bienvenido sea\u201d, asegur\u00f3, aunque lament\u00f3 que la exposici\u00f3n p\u00fablica de su caso haya tapado el caso Corazza.<\/p>\n<p>\u201cNo tenemos un final, el final lo tenemos que buscar nosotros mismos cuando sobrevivimos a esto y queremos dar vuelta la p\u00e1gina\u201d, agreg\u00f3 Lucas, y manifest\u00f3 su dolor por el papel de la Justicia. \u201cNo dejamos atr\u00e1s por un sistema que te suelta la mano, se pone a la persona abusada en un papel de v\u00edctima de por vida, creyendo que esa persona no puede ser feliz, no puede tener una pareja, no puede irse de vacaciones. Tiene que ser pura y casta, y ser silenciada\u201d.<\/p>\n<p>En este sentido, y a pesar de esta mala experiencia, inst\u00f3 a aquellos que hayan pasado por situaciones similares se animen a denunciar, aun \u201csin esperar el resultado\u201d. A su vez, les habl\u00f3 a los magistrados que firman las sentencias: \u201dCon ese sello se arruinan muchas vidas. Si mi historia dolorosa fuera para ellos un sello y un papel, considero que deber\u00edan cambiar de trabajo\u201d.<\/p>\n<p>Consultado por el rebote que tuvo su caso y el hecho de que Jey Mammon haya abandonado la Argentina para viajar a Espa\u00f1a, se\u00f1al\u00f3 no sentirse aliviado. \u201cNo me hace feliz. Cualquier persona puede pensar que estoy festejando que se fue del pa\u00eds, pero no. Siento un vac\u00edo, me prepar\u00e9 psicol\u00f3gicamente par que no me lastimen nunca m\u00e1s. Tengo un protector para no dejarlos entrar nunca m\u00e1s\u201d, asever\u00f3. M\u00e1s adelante, volvi\u00f3 a referirse al tema. Que \u00e9l ahora est\u00e9 sufriendo&#8230; que lo arregle en terapia como yo arregl\u00e9 mi dolor. Casi me mato dos veces. \u00bfQu\u00e9 me importa si ahora \u00e9l pierde el trabajo? Problema de \u00e9l si sigue o no as\u00ed. Que el karma lo acompa\u00f1e\u201d, revel\u00f3. Y ante la consulta de Mazzoco sobre si su cancelaci\u00f3n medi\u00e1tica es una manera de justicia, fue elocuente: \u201cSuponte que s\u00ed\u201d.<\/p>\n<p>Adem\u00e1s, cont\u00f3 qu\u00e9 sinti\u00f3 al escucharlo en sus respectivas entrevistas: \u201cNo me sorprendi\u00f3 porque el efecto sorpresa de escuchar c\u00f3mo se defiende mi abusador hace un mont\u00f3n lo perd\u00ed. Cuando escuch\u00e9 los juicios, las pericias. Llegu\u00e9 muy curtido para que hoy me sorprenda. Tampoco me sorprende que se fue del pa\u00eds, s\u00e9 que va a volver\u201d.<\/p>\n<p>Adem\u00e1s, explic\u00f3 qu\u00e9 sent\u00eda al ver las reacciones en las redes. \u201cHace tres d\u00edas que decid\u00ed ingresar a leer mensajes. Se siente bien ese abrazo, pero no llega a casa. Y por otro lado, me es dif\u00edcil hasta decirlo, pero la cantidad de historias que me llegan, como las m\u00edas&#8230; No denuncian porque cuando hablaron en el c\u00edrculo familiar no les creyeron, a m\u00ed tambi\u00e9n me pas\u00f3\u201d, compar\u00f3. Y mir\u00f3 al futuro: \u201cLo que me queda a m\u00ed de ac\u00e1 en m\u00e1s es sanar, tengo 30 a\u00f1os y hace mucho que estoy con esto. Tengo mucho por delante para ser feliz\u201d.<\/p>\n<p>\u201cDe la Justicia puedo esperar de todo, ya no me sorprende que jueguen con las historias. No me quiero cargar con esa energ\u00eda pero si todos dicen que hubo algo raro, algo debe pasar. Se burlaron de m\u00ed, en esta y en las otras causas, no hubo una en la que yo me haya sentido escuchado o tratado con empat\u00eda. Con la denuncia p\u00fablica s\u00ed, me sent\u00ed escuchado por la sociedad y ustedes. No es una historia de entretenimiento, habr\u00eda que manejar muy bien estos temas. Me persiguieron de un canal, fueron a mi trabajo, les ofrecieron droga a mis vecinos para que hablen\u201d, acus\u00f3.<\/p>\n<p><strong>El v\u00ednculo con su madre:<\/strong><\/p>\n<p>\u201cHubo momentos felices que no voy a compartir y me los voy a guardar para m\u00ed. Hoy en d\u00eda la gente en mis redes sociales ve fotos de mi mam\u00e1 y no pueden entenderlo. Ella tambi\u00e9n sufri\u00f3 de violencia, de violencia de g\u00e9nero, fue una mujer muy golpeada y de hecho tambi\u00e9n aislada por su familia. Era como la oveja negra, nunca fue escuchada, hoy la puedo entender desde otro lado\u201d.<\/p>\n<p>\u201cJam\u00e1s me levant\u00f3 la voz, jam\u00e1s me golpe\u00f3. Est\u00e1 bien, no sab\u00eda dar cari\u00f1o, pero era una persona muy pura que fue da\u00f1ada. Siento que tuvo la responsabilidad un adulto de cuidarme, pero no la odio. Es m\u00e1s&#8230; el d\u00eda que ella fallece, en el velorio, antes de cerrar el caj\u00f3n, le di un beso en la frente y le dije que la perdonaba, que se pod\u00eda ir tranquila, que yo iba a estar bien y que lo que me pasara, los resultados de todo lo que hab\u00eda vivido, no iban a ser su culpa\u201d.<\/p>\n<h3><strong>Las cr\u00edticas:<\/strong><\/h3>\n<p>\u201cNo puedo dejar de hacer mi vida cotidiana, \u00bfpor qu\u00e9 tendr\u00eda que parar mi vida? Por qu\u00e9 no tendr\u00eda que tener redes sociales y ser feliz? Me puse a leer y eran siempre los mismos comentarios de las mismas personas, muchos de ellos perfiles falsos, las mismas 40 personas comentando una y otra vez en todas las fotos, en comentarios de personas que me apoyaban, insultando, generando conflictos&#8230; Yo no tengo por qu\u00e9 aguantar la mierda de esa parte de la sociedad. Aguant\u00e9 mucha mierda en mi vida\u201d.<\/p>\n<p>\u201cPueden no creer como no cre\u00eda mi abuela, mis t\u00edas, cuando habl\u00e9 por primera vez a mis seis a\u00f1os. Queda en la conciencia de cada uno, yo no vengo a educar a nadie, mucho menos a un adulto. Si un adulto tiene una postura firme con esto, est\u00e1 perdido, yo no lo puedo cambiar. Ojal\u00e1 que nunca les pase algo a las personas que los rodean, que no tengan un hijo abusado\u201d.<\/p>\n<h3><strong>Las drogas<\/strong><\/h3>\n<p>\u201cProb\u00e9 marihuana por primera vez con \u00e9l (por Jey Mammon): Ni siquiera mi mam\u00e1, con el potencial que ten\u00eda por su adicci\u00f3n, me inculc\u00f3 algo de eso. Es m\u00e1s, yo las detestaba, me parec\u00edan asquerosas. Acced\u00ed por primera vez, con \u00e9l. Y cuando mi psiquis se rompi\u00f3, ca\u00ed en otro tipo de cosas de adicciones, que gracias a Dios hoy en d\u00eda y hace muchos a\u00f1os se termin\u00f3. Pero s\u00ed, estuvieron ah\u00ed y no fue mi culpa\u201d.<\/p>\n<p><strong>El miedo a las represalias<\/strong><\/p>\n<p>\u201cCuando sab\u00e9s cu\u00e1l es la verdad e hiciste las cosas como las ten\u00edas que hacer, el resto no importa. Tengo pruebas. Pero tampoco me voy a volver a exponer porque me da verg\u00fcenza la Justicia. \u00bfEncima una Justicia que me dio la espalda ahora me quiera mirar de nuevo y defendiendo a un abusador? No, perd\u00f3n pero doy un paso para atr\u00e1s\u201d.<\/p>\n<p><strong>La llegada a Ushuaia<\/strong><\/p>\n<p>\u201cNo hay explicaci\u00f3n de por qu\u00e9 llegu\u00e9 ac\u00e1. Hace varios a\u00f1os vine por primera vez a entrenar, tambi\u00e9n a pasar cumplea\u00f1os. Me llam\u00f3 sus paisajes, el hielo, me gusta mucho el fr\u00edo y cuando empec\u00e9 a conocer a las personas, ah\u00ed dije: es ac\u00e1. Despu\u00e9s de la pandemia, volv\u00ed para dar las clases. Esta es mi tercera temporada ac\u00e1, estoy m\u00e1s de la mitad del a\u00f1o y es hora de quedarse ac\u00e1. Trabajamos mucho en el club, me dedico pura y exclusivamente a mis alumnas, trabajamos en equipo y luchamos todos los d\u00edas para que este deporte se haga m\u00e1s visible ac\u00e1 en Argentina\u201d.<\/p>\n<p><strong>Su familia<\/strong><\/p>\n<p>\u201cMi pap\u00e1 es mi progenitor, en todo caso. No me criaron con \u00e9l. Lo vi dos veces, en dos momentos diferentes. S\u00ed s\u00e9 que falleci\u00f3, hace tres a\u00f1os. Desde muy chiquito escuch\u00e9 que quer\u00eda verme pero mi abuela no lo dejaba, porque tambi\u00e9n ten\u00eda problemas de adicci\u00f3n y no quer\u00eda que se me acerque. Tengo dos hermanas hermosas, tres sobrinas maravillosas. Ya son unas mujeres y est\u00e1n haciendo sus vidas. Y ese es un modelo que yo tambi\u00e9n quiero. Yo quiero continuar mi vida como lo est\u00e1n haciendo ellas\u201d.<\/p>\n<p><iframe loading=\"lazy\" title=\"YouTube video player\" src=\"https:\/\/www.youtube.com\/embed\/3A5SGCN1aDs\" width=\"560\" height=\"315\" frameborder=\"0\" allowfullscreen=\"allowfullscreen\"><\/iframe><\/p>\n","protected":false},"excerpt":{"rendered":"<p>El joven que denunci\u00f3 al animador por supuesto abuso sexual, rompi\u00f3 el silencio al brindarle un reportaje a Karina Mazzocco desde su casa de Ushuaia. Luego de manifestarse en entrevistas por medio de videollamadas y a trav\u00e9s de un vivo de Instagram, Lucas dio una entrevista cara a cara. En la ciudad m\u00e1s austral del [&hellip;]<\/p>\n","protected":false},"author":1,"featured_media":97557,"comment_status":"closed","ping_status":"closed","sticky":false,"template":"","format":"standard","meta":{"_seopress_robots_primary_cat":"","_seopress_titles_title":"","_seopress_titles_desc":"","_seopress_robots_index":"","footnotes":""},"categories":[2],"tags":[36643,36641,36861],"class_list":{"0":"post-97556","1":"post","2":"type-post","3":"status-publish","4":"format-standard","5":"has-post-thumbnail","7":"category-tv","8":"tag-caso-jey-mammon","9":"tag-jey-mammon-lucas-benvenutto","10":"tag-lucas-benvenuto-karina-mazzocco"},"_links":{"self":[{"href":"https:\/\/www.cordobatimes.com\/showup\/wp-json\/wp\/v2\/posts\/97556","targetHints":{"allow":["GET"]}}],"collection":[{"href":"https:\/\/www.cordobatimes.com\/showup\/wp-json\/wp\/v2\/posts"}],"about":[{"href":"https:\/\/www.cordobatimes.com\/showup\/wp-json\/wp\/v2\/types\/post"}],"author":[{"embeddable":true,"href":"https:\/\/www.cordobatimes.com\/showup\/wp-json\/wp\/v2\/users\/1"}],"replies":[{"embeddable":true,"href":"https:\/\/www.cordobatimes.com\/showup\/wp-json\/wp\/v2\/comments?post=97556"}],"version-history":[{"count":0,"href":"https:\/\/www.cordobatimes.com\/showup\/wp-json\/wp\/v2\/posts\/97556\/revisions"}],"wp:featuredmedia":[{"embeddable":true,"href":"https:\/\/www.cordobatimes.com\/showup\/wp-json\/wp\/v2\/media\/97557"}],"wp:attachment":[{"href":"https:\/\/www.cordobatimes.com\/showup\/wp-json\/wp\/v2\/media?parent=97556"}],"wp:term":[{"taxonomy":"category","embeddable":true,"href":"https:\/\/www.cordobatimes.com\/showup\/wp-json\/wp\/v2\/categories?post=97556"},{"taxonomy":"post_tag","embeddable":true,"href":"https:\/\/www.cordobatimes.com\/showup\/wp-json\/wp\/v2\/tags?post=97556"}],"curies":[{"name":"wp","href":"https:\/\/api.w.org\/{rel}","templated":true}]}}