{"id":97538,"date":"2023-04-11T10:22:34","date_gmt":"2023-04-11T13:22:34","guid":{"rendered":"https:\/\/www.cordobatimes.com\/showup\/?p=97538"},"modified":"2023-04-11T10:22:34","modified_gmt":"2023-04-11T13:22:34","slug":"chiche-gelblung-ante-el-caso-jey-mammon-si-lucas-tenia-16-no-hay-delito","status":"publish","type":"post","link":"https:\/\/www.cordobatimes.com\/showup\/famosos\/2023\/04\/11\/chiche-gelblung-ante-el-caso-jey-mammon-si-lucas-tenia-16-no-hay-delito\/","title":{"rendered":"Chiche Gelblung ante el caso Jey Mamm\u00f3n: \u00abSi Lucas ten\u00eda 16, no hay delito\u00bb"},"content":{"rendered":"<h3><strong>El periodista opin\u00f3 sobre la denuncia contra el conductor y asegur\u00f3 que \u00e9l le dar\u00eda trabajo: \u00abLo pondr\u00eda en un programa m\u00edo\u00bb.<\/strong><\/h3>\n<p>Chiche Gelblung\u00a0habl\u00f3 sobre\u00a0la denuncia de abuso contra Jey Mamm\u00f3n por parte de Lucas Benvenuto\u00a0y fue contundente.\u00a0\u00abSi Lucas ten\u00eda 16, no hay delito\u00bb, sostuvo.<\/p>\n<p>En un m\u00f3vil para\u00a0Implacables\u00a0(El Nueve), el periodista asegur\u00f3 que \u00e9l le dar\u00eda trabajo a Jey Mamm\u00f3n: \u00abLo pondr\u00eda en un programa m\u00edo. Es un tipo muy talentoso e inteligente, demostr\u00f3 que es buen entrevistador y un\u00a0buen m\u00fasico, ha hecho todo bien, \u00bfpor qu\u00e9 no lo vas a tener?\u00bb.<\/p>\n<p>Luego,\u00a0Susana Roccasalvo\u00a0le pregunt\u00f3: \u00abPara vos, como hombre, como padre, como abuelo, \u00bfno consideras\u00a0que lo que hizo Jey Mamm\u00f3n est\u00e1 mal?\u00bb. Y Chiche respondi\u00f3 contundente: \u00abSi el chico ten\u00eda 14 a\u00f1os, Jey Mamm\u00f3n tendr\u00eda que estar preso. Si el chico ten\u00eda\u00a016, no. 16 a\u00f1os con consentimiento, no hay delito. Lo dice la Justicia\u00bb.<\/p>\n<p>\u00abLo que provoc\u00f3 en la gente tiene que ver con que jey es homosexual.\u00a0Si hubiese sido un se\u00f1or con una chica, hubiese sido diferente porque sigue siendo un pa\u00eds machirulo. La Justicia es machista y discriminadora\u00bb, analiz\u00f3.<\/p>\n<p>\u00abYo lo banco si ten\u00eda 16, si ten\u00eda 14 Lucas, no lo banco nada, tendr\u00eda que estar en una c\u00e1rcel. Pero si realmente ten\u00eda 16, y despu\u00e9s tuvieron una relaci\u00f3n de cuatro o cinco a\u00f1os, \u00bfc\u00f3mo lo voy a condenar a Jey Mamm\u00f3n por eso?\u00a014 es un nene. Hoy con 16 pod\u00e9s elegir presidente\u00bb, sostuvo.<\/p>\n<p>Respecto al viaje del humorista a Espa\u00f1a, opin\u00f3: \u00abCometi\u00f3 un error al irse, hay que dar la cara y pelearla.\u00a0Es un tema personal, hay que gente que lo puede tolerar y otras no\u00bb<\/p>\n","protected":false},"excerpt":{"rendered":"<p>El periodista opin\u00f3 sobre la denuncia contra el conductor y asegur\u00f3 que \u00e9l le dar\u00eda trabajo: \u00abLo pondr\u00eda en un programa m\u00edo\u00bb. Chiche Gelblung\u00a0habl\u00f3 sobre\u00a0la denuncia de abuso contra Jey Mamm\u00f3n por parte de Lucas Benvenuto\u00a0y fue contundente.\u00a0\u00abSi Lucas ten\u00eda 16, no hay delito\u00bb, sostuvo. En un m\u00f3vil para\u00a0Implacables\u00a0(El Nueve), el periodista asegur\u00f3 que \u00e9l [&hellip;]<\/p>\n","protected":false},"author":1,"featured_media":97539,"comment_status":"closed","ping_status":"closed","sticky":false,"template":"","format":"standard","meta":{"_seopress_robots_primary_cat":"","_seopress_titles_title":"","_seopress_titles_desc":"","_seopress_robots_index":"","footnotes":""},"categories":[4],"tags":[36643,36852],"class_list":{"0":"post-97538","1":"post","2":"type-post","3":"status-publish","4":"format-standard","5":"has-post-thumbnail","7":"category-famosos","8":"tag-caso-jey-mammon","9":"tag-chiche-gelblung-jey-mammon"},"_links":{"self":[{"href":"https:\/\/www.cordobatimes.com\/showup\/wp-json\/wp\/v2\/posts\/97538","targetHints":{"allow":["GET"]}}],"collection":[{"href":"https:\/\/www.cordobatimes.com\/showup\/wp-json\/wp\/v2\/posts"}],"about":[{"href":"https:\/\/www.cordobatimes.com\/showup\/wp-json\/wp\/v2\/types\/post"}],"author":[{"embeddable":true,"href":"https:\/\/www.cordobatimes.com\/showup\/wp-json\/wp\/v2\/users\/1"}],"replies":[{"embeddable":true,"href":"https:\/\/www.cordobatimes.com\/showup\/wp-json\/wp\/v2\/comments?post=97538"}],"version-history":[{"count":0,"href":"https:\/\/www.cordobatimes.com\/showup\/wp-json\/wp\/v2\/posts\/97538\/revisions"}],"wp:featuredmedia":[{"embeddable":true,"href":"https:\/\/www.cordobatimes.com\/showup\/wp-json\/wp\/v2\/media\/97539"}],"wp:attachment":[{"href":"https:\/\/www.cordobatimes.com\/showup\/wp-json\/wp\/v2\/media?parent=97538"}],"wp:term":[{"taxonomy":"category","embeddable":true,"href":"https:\/\/www.cordobatimes.com\/showup\/wp-json\/wp\/v2\/categories?post=97538"},{"taxonomy":"post_tag","embeddable":true,"href":"https:\/\/www.cordobatimes.com\/showup\/wp-json\/wp\/v2\/tags?post=97538"}],"curies":[{"name":"wp","href":"https:\/\/api.w.org\/{rel}","templated":true}]}}