{"id":97503,"date":"2023-04-09T19:26:56","date_gmt":"2023-04-09T22:26:56","guid":{"rendered":"https:\/\/www.cordobatimes.com\/showup\/?p=97503"},"modified":"2023-04-09T19:26:56","modified_gmt":"2023-04-09T22:26:56","slug":"juan-reverdito-liquido-a-nacho-castanares-por-su-actitud-despues-de-la-finalizacion-de-gran-hermano","status":"publish","type":"post","link":"https:\/\/www.cordobatimes.com\/showup\/internet\/2023\/04\/09\/juan-reverdito-liquido-a-nacho-castanares-por-su-actitud-despues-de-la-finalizacion-de-gran-hermano\/","title":{"rendered":"Juan Reverdito liquid\u00f3 a Nacho Casta\u00f1ares por su actitud despu\u00e9s de la finalizaci\u00f3n de Gran Hermano"},"content":{"rendered":"<h3><strong>El taxista se enfureci\u00f3 con su excompa\u00f1ero y lo comparti\u00f3 mediante una entrevista.\u00a0<\/strong><\/h3>\n<p>En las \u00faltimas,\u00a0Juan Reverdito, uno de los primeros eliminados de\u00a0Gran Hermano 2022\u00a0(Telefe), apunt\u00f3 contra\u00a0Nacho Casta\u00f1ares\u00a0luego de que este \u00faltimo revelara en una entrevista que\u00a0\u00abno se juntar\u00eda con\u00a0&#8216;Los Monitos'\u00bb. Cabe recordar que tanto el taxista como el madrile\u00f1o formaban parte de este grupo junto a\u00a0Tom\u00e1s Holder\u00a0y\u00a0Martina Stewart.<\/p>\n<p>\u00abNo s\u00e9 con cu\u00e1l\u00a0participante no continuar\u00eda una amistad porque no conoc\u00ed mucho a los de afuera. Me llev\u00e9 sorpresas con cosas que pasaron dentro de la casa pero era un juego y termin\u00f3.\u00a0Con &#8216;Los Monitos&#8217; no habl\u00e9 y creo que tampoco voy a hablar porque ya salimos del programa, se termin\u00f3 y ya est\u00e1\u00bb, expres\u00f3 el joven madrile\u00f1o en di\u00e1logo con la periodista\u00a0Maica Comunica. Tras ello, Juan habl\u00f3 y mostr\u00f3 su molestia con la actitud del subcampe\u00f3n.<\/p>\n<p>\u00abEs simple lo de Nacho. Yo le mand\u00e9 mensaje cuando sali\u00f3. Habl\u00e9 con el padre (Rodolfo) en su momento cuando estuvo dentro de la casa. Lo segu\u00ed a Rodolfo, me dej\u00f3 de seguir y lo elimin\u00e9. A Nacho le mand\u00e9 tres mensajes y no me respondi\u00f3 ninguno. Tambi\u00e9n, le mand\u00e9 unos anteojos de regalo que me pidi\u00f3 en las fiestas\u00bb, revel\u00f3 el cuarto eliminado del programa.<\/p>\n<p>Luego, en esa misma l\u00ednea,\u00a0manifest\u00f3:\u00a0\u00abLe di un abrazo y lo sent\u00ed ese abrazo. Despu\u00e9s que diga &#8216;no me interesa salir y tener relaci\u00f3n o hablar con Juan&#8217;&#8230; La verdad que dije &#8216;qu\u00e9 onda, \u00bfno?&#8217;. Seguramente la gente que lo rodea, de ex Gran Hermano, le habr\u00e1 quemado la cabeza dici\u00e9ndole &#8216;Juan se fue con el 88%, no te juntes con ese, no lo quiere nadie'\u00bb.<\/p>\n<p>\u00abPor lo menos se persona y contest\u00e1 los mensajes. Y el regalo de los anteojos que se lo ped\u00ed a una chica y se los hice de canje. Se los di\u00a0a una productora para que se los\u00a0de. Por lo menos agradec\u00e9 pero ni eso. No me interesan esas personas, la verdad que no me van\u00bb, concluy\u00f3 visiblemente furioso.<\/p>\n","protected":false},"excerpt":{"rendered":"<p>El taxista se enfureci\u00f3 con su excompa\u00f1ero y lo comparti\u00f3 mediante una entrevista.\u00a0 En las \u00faltimas,\u00a0Juan Reverdito, uno de los primeros eliminados de\u00a0Gran Hermano 2022\u00a0(Telefe), apunt\u00f3 contra\u00a0Nacho Casta\u00f1ares\u00a0luego de que este \u00faltimo revelara en una entrevista que\u00a0\u00abno se juntar\u00eda con\u00a0&#8216;Los Monitos&#8217;\u00bb. Cabe recordar que tanto el taxista como el madrile\u00f1o formaban parte de este grupo [&hellip;]<\/p>\n","protected":false},"author":1,"featured_media":97504,"comment_status":"closed","ping_status":"closed","sticky":false,"template":"","format":"standard","meta":{"_seopress_robots_primary_cat":"","_seopress_titles_title":"","_seopress_titles_desc":"","_seopress_robots_index":"","footnotes":""},"categories":[22956],"tags":[36835,36836],"class_list":{"0":"post-97503","1":"post","2":"type-post","3":"status-publish","4":"format-standard","5":"has-post-thumbnail","7":"category-internet","8":"tag-juan-reverdito-y-nacho-castanares","9":"tag-juan-reverdito-y-nacho-castanares-gran-hermano"},"_links":{"self":[{"href":"https:\/\/www.cordobatimes.com\/showup\/wp-json\/wp\/v2\/posts\/97503","targetHints":{"allow":["GET"]}}],"collection":[{"href":"https:\/\/www.cordobatimes.com\/showup\/wp-json\/wp\/v2\/posts"}],"about":[{"href":"https:\/\/www.cordobatimes.com\/showup\/wp-json\/wp\/v2\/types\/post"}],"author":[{"embeddable":true,"href":"https:\/\/www.cordobatimes.com\/showup\/wp-json\/wp\/v2\/users\/1"}],"replies":[{"embeddable":true,"href":"https:\/\/www.cordobatimes.com\/showup\/wp-json\/wp\/v2\/comments?post=97503"}],"version-history":[{"count":0,"href":"https:\/\/www.cordobatimes.com\/showup\/wp-json\/wp\/v2\/posts\/97503\/revisions"}],"wp:featuredmedia":[{"embeddable":true,"href":"https:\/\/www.cordobatimes.com\/showup\/wp-json\/wp\/v2\/media\/97504"}],"wp:attachment":[{"href":"https:\/\/www.cordobatimes.com\/showup\/wp-json\/wp\/v2\/media?parent=97503"}],"wp:term":[{"taxonomy":"category","embeddable":true,"href":"https:\/\/www.cordobatimes.com\/showup\/wp-json\/wp\/v2\/categories?post=97503"},{"taxonomy":"post_tag","embeddable":true,"href":"https:\/\/www.cordobatimes.com\/showup\/wp-json\/wp\/v2\/tags?post=97503"}],"curies":[{"name":"wp","href":"https:\/\/api.w.org\/{rel}","templated":true}]}}