{"id":97491,"date":"2023-04-09T13:32:58","date_gmt":"2023-04-09T16:32:58","guid":{"rendered":"https:\/\/www.cordobatimes.com\/showup\/?p=97491"},"modified":"2023-04-09T13:32:58","modified_gmt":"2023-04-09T16:32:58","slug":"jey-mammon-volvio-a-hablar-con-ulises-jaitt-sobre-la-denuncia-de-lucas-benvenuto","status":"publish","type":"post","link":"https:\/\/www.cordobatimes.com\/showup\/internet\/2023\/04\/09\/jey-mammon-volvio-a-hablar-con-ulises-jaitt-sobre-la-denuncia-de-lucas-benvenuto\/","title":{"rendered":"Jey Mammon volvi\u00f3 a hablar con Ulises Jaitt sobre la denuncia de Lucas Benvenuto"},"content":{"rendered":"<h3><strong>Antes de abandonar al pa\u00eds tras ser denunciado por abuso sexual, el conductor le brind\u00f3 un reportaje al hermano de Natacha Jaitt<\/strong><\/h3>\n<p>Luego de haberle dado entrevistas a\u00a0Jorge Rial\u00a0y\u00a0Baby Etchecopar\u00a0y antes de embarcarse rumbo a\u00a0Espa\u00f1a,\u00a0Jey Mammon\u00a0habl\u00f3 con\u00a0Ulises Jaitt.\u00a0All\u00ed volvi\u00f3 a dar su versi\u00f3n tras la denuncia de\u00a0Lucas Benvenuto\u00a0por presunto abuso sexual en un programa que se vio en la tarde del jueves en el canal de YouTube del periodista, cuando el conductor ya hab\u00eda aterrizado en Madrid.<\/p>\n<p><iframe loading=\"lazy\" width=\"560\" height=\"315\" src=\"https:\/\/www.youtube.com\/embed\/65Df7VdFghc\" title=\"YouTube video player\" frameborder=\"0\" allow=\"accelerometer; autoplay; clipboard-write; encrypted-media; gyroscope; picture-in-picture; web-share\" allowfullscreen><\/iframe><\/p>\n","protected":false},"excerpt":{"rendered":"<p>Antes de abandonar al pa\u00eds tras ser denunciado por abuso sexual, el conductor le brind\u00f3 un reportaje al hermano de Natacha Jaitt Luego de haberle dado entrevistas a\u00a0Jorge Rial\u00a0y\u00a0Baby Etchecopar\u00a0y antes de embarcarse rumbo a\u00a0Espa\u00f1a,\u00a0Jey Mammon\u00a0habl\u00f3 con\u00a0Ulises Jaitt.\u00a0All\u00ed volvi\u00f3 a dar su versi\u00f3n tras la denuncia de\u00a0Lucas Benvenuto\u00a0por presunto abuso sexual en un programa que [&hellip;]<\/p>\n","protected":false},"author":1,"featured_media":97492,"comment_status":"closed","ping_status":"closed","sticky":false,"template":"","format":"standard","meta":{"_seopress_robots_primary_cat":"","_seopress_titles_title":"","_seopress_titles_desc":"","_seopress_robots_index":"","footnotes":""},"categories":[22956],"tags":[36643,36831],"class_list":{"0":"post-97491","1":"post","2":"type-post","3":"status-publish","4":"format-standard","5":"has-post-thumbnail","7":"category-internet","8":"tag-caso-jey-mammon","9":"tag-jey-mammon-ulises-jaitt"},"_links":{"self":[{"href":"https:\/\/www.cordobatimes.com\/showup\/wp-json\/wp\/v2\/posts\/97491","targetHints":{"allow":["GET"]}}],"collection":[{"href":"https:\/\/www.cordobatimes.com\/showup\/wp-json\/wp\/v2\/posts"}],"about":[{"href":"https:\/\/www.cordobatimes.com\/showup\/wp-json\/wp\/v2\/types\/post"}],"author":[{"embeddable":true,"href":"https:\/\/www.cordobatimes.com\/showup\/wp-json\/wp\/v2\/users\/1"}],"replies":[{"embeddable":true,"href":"https:\/\/www.cordobatimes.com\/showup\/wp-json\/wp\/v2\/comments?post=97491"}],"version-history":[{"count":0,"href":"https:\/\/www.cordobatimes.com\/showup\/wp-json\/wp\/v2\/posts\/97491\/revisions"}],"wp:featuredmedia":[{"embeddable":true,"href":"https:\/\/www.cordobatimes.com\/showup\/wp-json\/wp\/v2\/media\/97492"}],"wp:attachment":[{"href":"https:\/\/www.cordobatimes.com\/showup\/wp-json\/wp\/v2\/media?parent=97491"}],"wp:term":[{"taxonomy":"category","embeddable":true,"href":"https:\/\/www.cordobatimes.com\/showup\/wp-json\/wp\/v2\/categories?post=97491"},{"taxonomy":"post_tag","embeddable":true,"href":"https:\/\/www.cordobatimes.com\/showup\/wp-json\/wp\/v2\/tags?post=97491"}],"curies":[{"name":"wp","href":"https:\/\/api.w.org\/{rel}","templated":true}]}}