{"id":97488,"date":"2023-04-09T13:17:34","date_gmt":"2023-04-09T16:17:34","guid":{"rendered":"https:\/\/www.cordobatimes.com\/showup\/?p=97488"},"modified":"2023-04-09T13:17:34","modified_gmt":"2023-04-09T16:17:34","slug":"jey-mammon-llego-a-madrid-y-se-enojo-por-la-presencia-de-la-prensa","status":"publish","type":"post","link":"https:\/\/www.cordobatimes.com\/showup\/famosos\/2023\/04\/09\/jey-mammon-llego-a-madrid-y-se-enojo-por-la-presencia-de-la-prensa\/","title":{"rendered":"Jey Mamm\u00f3n lleg\u00f3 a Madrid y se enoj\u00f3 por la presencia de la prensa"},"content":{"rendered":"<h3><strong>El conductor aterriz\u00f3 en Espa\u00f1a y no ocult\u00f3 su malestar cuando fue abordado por el periodismo.<\/strong><\/h3>\n<p>En la noche del mi\u00e9rcoles,\u00a0Jey Mammon\u00a0confirmo el rumor que sobrevol\u00f3 durante todo el d\u00eda y se embarc\u00f3 rumbo a Espa\u00f1a. El exconductor de\u00a0La Pe\u00f1a de Morfi dej\u00f3 el pa\u00eds dos semanas despu\u00e9s de que tomara estado p\u00fablico la denuncia que le hizo\u00a0Lucas Benvenuto\u00a0por supuesto abuso sexual. Apareci\u00f3 en el aeropuerto internacional de Ezeiza acompa\u00f1ado por un amigo y con una gorra puesta, mirando para abajo y buscando pasar desapercibido. Cuando fue consultado por el cronista de\u00a0LAM, evit\u00f3 revelar a d\u00f3nde se dirig\u00eda y tampoco quiso responder cu\u00e1nto tiempo estar\u00eda fuera de la Argentina.<\/p>\n<p>Apenas pasado el mediod\u00eda en Argentina, Jey aterriz\u00f3 en suelo espa\u00f1ol. Pero si buscaba algo de tranquilidad, se esfum\u00f3 cuando fue abordado por periodistas de\u00a0LAM\u00a0(Am\u00e9rica) y\u00a0Socios del espect\u00e1culo\u00a0(El Trece) que le preguntaron c\u00f3mo se sent\u00eda. \u201cMuy bien\u201d, respondi\u00f3 el m\u00fasico, con lentes transparentes, remera amarilla, campera de cuero y sin la gorra con la que lo hab\u00edan fotografiado durante el vuelo.<\/p>\n<p>Ac\u00e1 Jey tampoco quiso revelar cu\u00e1nto tiempo pensaba quedarse en Espa\u00f1a, mientras sal\u00eda del aeropuerto de Barajas y recib\u00eda el apoyo de una se\u00f1ora que se acerc\u00f3 especialmente para darle fuerzas. En tanto, a la requisitoria sobre un supuesto enojo con LAM, solo atin\u00f3 a responder \u201cGracias\u201d. Luego, la cronista lo consult\u00f3 puntualmente por qu\u00e9 no hab\u00eda hablado con \u00c1ngel de Brito. \u201cPorque no me la pidi\u00f3\u201d, respondi\u00f3.<\/p>\n<p>\u201c\u00bfCr\u00e9es que vas a poder descansar?\u201d, le preguntaron. \u201cSi me dejan ustedes, s\u00ed\u201d, replic\u00f3. \u201c\u00bfVas a poder caminar mejor por la calle?\u201d, insistieron, mientras el conductor buscaba la manera de llegar a un taxi. \u201c\u00bfC\u00f3mo te sent\u00eds ahora?\u201d, continuaron las preguntas. \u201cUn poco asediado, porque me vine a descansar un poquito y no me imagin\u00e9 que me iban a esperar\u201d admiti\u00f3. \u201dJusto viniste a un lugar que est\u00e1 lleno de argentinos\u201d, le manifestaron. \u201cLos argentinos como viste me tratan b\u00e1rbaro, y ustedes son periodistas, les deseo lo mejor, les agradezco\u201d, se\u00f1al\u00f3 mientras caminaba.<\/p>\n<p>\u201c\u00bfNot\u00e1s un maltrato de parte de los periodistas?\u201d, le preguntaron. \u201cDe parte de ustedes, no. Pero dije que no iba a hablar m\u00e1s y por lo pronto esperar\u00eda que lo entiendan\u201d, respondi\u00f3 el conductor. \u201cEs nuestro trabajo lamentablemente\u201d, expres\u00f3 una de las cronistas. \u201cNo \u2018lamentablemente es tu trabajo\u2019. Tu trabajo es hermoso, pero ac\u00e1 termin\u00f3 mi parte con ustedes\u201d, replic\u00f3. Y ante la insistencia, se\u00f1al\u00f3. \u201cNo vine a vivir, vine a relajar un poco, porque es como que se escap\u00f3 del pa\u00eds. Me vine a relajar, si me dejan, me relajo. Si no me dejan, va a ser dif\u00edcil\u201d, razon\u00f3.<\/p>\n<p>\u201c\u00bfPod\u00e9s decirnos cu\u00e1nto tiempo te vas a quedar ac\u00e1?\u201d, insisti\u00f3 una de las cronistas. \u201c\u00a1Qu\u00e9 pesadilla!\u201d, resopl\u00f3 el conductor, mientras buscaba abordar un taxi y volv\u00eda a escuchar las preguntas. \u201cNo voy a contestar nada, ya di todas las notas que ten\u00eda que dar. Vine ac\u00e1 a descansar\u201d, cerr\u00f3, antes de subir al veh\u00edculo. \u201cSi son tan amables, no me busquen m\u00e1s porque no voy a hablar m\u00e1s del tema. Ya habl\u00e9 demasiado\u201d, afirm\u00f3 antes de cerrar la puerta y que el auto arrancara sin querer decir todav\u00eda el destino del viaje.<\/p>\n<div style=\"width: 320px;\" class=\"wp-video\"><video class=\"wp-video-shortcode\" id=\"video-97488-1\" width=\"320\" height=\"568\" preload=\"metadata\" controls=\"controls\"><source type=\"video\/mp4\" src=\"https:\/\/www.cordobatimes.com\/showup\/wp-content\/uploads\/2023\/04\/aMHUlhIA-34105375.mp4?_=1\" \/><a href=\"https:\/\/www.cordobatimes.com\/showup\/wp-content\/uploads\/2023\/04\/aMHUlhIA-34105375.mp4\">https:\/\/www.cordobatimes.com\/showup\/wp-content\/uploads\/2023\/04\/aMHUlhIA-34105375.mp4<\/a><\/video><\/div>\n<p>&nbsp;<\/p>\n<p>&nbsp;<\/p>\n","protected":false},"excerpt":{"rendered":"<p>El conductor aterriz\u00f3 en Espa\u00f1a y no ocult\u00f3 su malestar cuando fue abordado por el periodismo. En la noche del mi\u00e9rcoles,\u00a0Jey Mammon\u00a0confirmo el rumor que sobrevol\u00f3 durante todo el d\u00eda y se embarc\u00f3 rumbo a Espa\u00f1a. El exconductor de\u00a0La Pe\u00f1a de Morfi dej\u00f3 el pa\u00eds dos semanas despu\u00e9s de que tomara estado p\u00fablico la denuncia [&hellip;]<\/p>\n","protected":false},"author":1,"featured_media":97386,"comment_status":"closed","ping_status":"closed","sticky":false,"template":"","format":"standard","meta":{"_seopress_robots_primary_cat":"","_seopress_titles_title":"","_seopress_titles_desc":"","_seopress_robots_index":"","footnotes":""},"categories":[4],"tags":[36643,36830],"class_list":{"0":"post-97488","1":"post","2":"type-post","3":"status-publish","4":"format-standard","5":"has-post-thumbnail","7":"category-famosos","9":"tag-jey-mammon-en-espana"},"_links":{"self":[{"href":"https:\/\/www.cordobatimes.com\/showup\/wp-json\/wp\/v2\/posts\/97488","targetHints":{"allow":["GET"]}}],"collection":[{"href":"https:\/\/www.cordobatimes.com\/showup\/wp-json\/wp\/v2\/posts"}],"about":[{"href":"https:\/\/www.cordobatimes.com\/showup\/wp-json\/wp\/v2\/types\/post"}],"author":[{"embeddable":true,"href":"https:\/\/www.cordobatimes.com\/showup\/wp-json\/wp\/v2\/users\/1"}],"replies":[{"embeddable":true,"href":"https:\/\/www.cordobatimes.com\/showup\/wp-json\/wp\/v2\/comments?post=97488"}],"version-history":[{"count":0,"href":"https:\/\/www.cordobatimes.com\/showup\/wp-json\/wp\/v2\/posts\/97488\/revisions"}],"wp:featuredmedia":[{"embeddable":true,"href":"https:\/\/www.cordobatimes.com\/showup\/wp-json\/wp\/v2\/media\/97386"}],"wp:attachment":[{"href":"https:\/\/www.cordobatimes.com\/showup\/wp-json\/wp\/v2\/media?parent=97488"}],"wp:term":[{"taxonomy":"category","embeddable":true,"href":"https:\/\/www.cordobatimes.com\/showup\/wp-json\/wp\/v2\/categories?post=97488"},{"taxonomy":"post_tag","embeddable":true,"href":"https:\/\/www.cordobatimes.com\/showup\/wp-json\/wp\/v2\/tags?post=97488"}],"curies":[{"name":"wp","href":"https:\/\/api.w.org\/{rel}","templated":true}]}}