{"id":97468,"date":"2023-04-09T11:41:24","date_gmt":"2023-04-09T14:41:24","guid":{"rendered":"https:\/\/www.cordobatimes.com\/showup\/?p=97468"},"modified":"2023-04-09T11:41:24","modified_gmt":"2023-04-09T14:41:24","slug":"se-dio-a-conocer-un-audio-que-le-mando-lucas-benvenuto-a-jey-mammon","status":"publish","type":"post","link":"https:\/\/www.cordobatimes.com\/showup\/tv\/2023\/04\/09\/se-dio-a-conocer-un-audio-que-le-mando-lucas-benvenuto-a-jey-mammon\/","title":{"rendered":"Se dio a conocer un audio que le mand\u00f3 Lucas Benvenuto a Jey Mammon"},"content":{"rendered":"<h3><strong>En el ciclo Basta Baby, mostraron un mensaje de voz que el exconductor de La Pe\u00f1a de Morfi guarda como prueba frente a la denuncia por supuesto abuso sexual.<\/strong><\/h3>\n<p>Este lunes, Jey Mammon le concedi\u00f3 una extensa entrevista a Baby Etchecopar para Basta Baby, por A24, en la que una vez m\u00e1s se encarg\u00f3 de negar haber cometido cualquier tipo de delito contra Lucas Benvenuto. \u201cSoy inocente\u201d, dijo categ\u00f3rico. En diciembre del 2020, el joven lo hab\u00eda denunciado por un supuesto abuso sexual cuando \u00e9l ten\u00eda 14 a\u00f1os de edad y el exconductor de La Pe\u00f1a de Morfi, 34. Pero la causa prescribi\u00f3, por lo que el caso nunca fue investigado.<\/p>\n<p>&nbsp;<\/p>\n<p>Sin embargo, hace unas semanas cuando estaba dando una nota en A la Tarde en relaci\u00f3n al caso de corrupci\u00f3n de menores por el que fue imputado Marcelo Corazza, Lucas habl\u00f3 de los abusos que sufri\u00f3 a los 11 a\u00f1os por parte el profesor de m\u00fasica Marcelo Rocca Clement, perteneciente a la banda de los \u201cboy lovers\u201d que giraba alrededor del psic\u00f3logo Jorge Corsi, y por el librero Roberto Santy Lozano, quien lo tuvo secuestrado durante ocho meses cuando ten\u00eda 12. Y all\u00ed sac\u00f3 a la luz su acusaci\u00f3n contra Mammon, que desde entonces se convirti\u00f3 en tema de debate en todos los medios.<\/p>\n<p>Lo cierto es que, durante su charla con Etchecopar, Jey repiti\u00f3 una y otra vez que contaba en su tel\u00e9fono con las pruebas suficientes como para demostrar que su \u201cv\u00ednculo\u201d con Benvenuto hab\u00eda comenzado cuando el joven ten\u00eda 16 a\u00f1os, lo que en t\u00e9rminos legales no implicar\u00eda delito si se trat\u00f3 de una relaci\u00f3n con consentimiento. Y dio a entender que en uno de los audios el muchacho le insinuaba que si no contestaba sus mensajes podr\u00eda llegar a accionar en su contra de alguna manera. Pues bien, finalmente, ese material se dio a conocer este martes en el ciclo de A24.<\/p>\n<p>Despu\u00e9s de aclarar que solo pasar\u00eda una parte del mensaje que Lucas le envi\u00f3 a Mammon especificando la edad en la que comenzaron su relaci\u00f3n y de dejar en claro que eso no exim\u00eda de responsabilidad moral al conductor, Baby pas\u00f3 el audio en cuesti\u00f3n. \u201cSinceramente, no miro la televisi\u00f3n argentina, porque viajo un mont\u00f3n y me chupa un huevo, pero lamentablemente me aparecen los videos en YouTube. El otro d\u00eda vi un video tuyo donde opinabas de algo as\u00ed como los abusos del f\u00fatbol argentino, no s\u00e9 qu\u00e9 era porque te juro que estoy muy al margen de todo eso, de la televisi\u00f3n, perd\u00f3n. Y me acord\u00e9 que vos garchabas conmigo cuando yo ten\u00eda diecis\u00e9is a\u00f1os, ups. Tambi\u00e9n me acord\u00e9 que muchos familiares me vieron con vos, y tambi\u00e9n me acord\u00e9 que ten\u00eda un par de fotos nuestras, yo con diecis\u00e9is a\u00f1itos y vos con tu edad, en tu sof\u00e1 en Eleven City, no s\u00e9 si te acord\u00e1s\u201d, se le escucha decir a Benvenuto.<\/p>\n<p>En la segunda parte del mismo y extenso audio, Lucas contin\u00faa con un comentario que seg\u00fan Etchecopar bien podr\u00eda leerse como una advertencia. \u201cNada, eso, te quer\u00eda mandar un saludo, decirte que espero que no hayas tirado la cadenita que me olvid\u00e9 en tu casa al inodoro, porque nada, tiene un valor sentimental importante para m\u00ed, y era el \u00fanico motivo por el cual te estaba escribiendo, te soy sincero, pero bueno, nada. Yo no har\u00eda jam\u00e1s algo as\u00ed como ir a la tele y decir: \u2018Jey Mamm\u00f3n estuvo conmigo cuando ten\u00eda diecis\u00e9is a\u00f1os\u2019. Porque no me nace, \u00bfsi? Pero por ah\u00ed me nac\u00eda que me contestaras al menos un mensaje, Jey. \u00bfSi? Nos conocemos muy bien, \u00bfok? Yo vi tus llantos con tu fracaso con esas fiestas de mierda que hac\u00edas, yo vi todo tu a\u00f1o cagado, todo tu a\u00f1o vomitado, nos conocemos, yo solamente quer\u00eda que me respondas, eso, nada\u201d.<\/p>\n<p>En el mensaje, Benvenuto termina diciendo: \u201cTe mando un besote y me alegro un mont\u00f3n que hayas logrado lo que quer\u00edas y realmente espero que seas feliz, \u00bfs\u00ed? Yo solamente quer\u00eda una respuesta, y por m\u00e1s que yo te haya dicho todas estas cosas, quedate tranquilo, no te traumes porque s\u00e9 que sos demasiado ansioso, yo jam\u00e1s ir\u00eda a la tele y esas boludeces porque no, porque tengo otra vida. Pero me enoja un mont\u00f3n boludo que no me respondas, porque nos conocemos re bien y porque estar\u00e1s enojado y cosas as\u00ed que habr\u00e1n pasado, \u00bfok? Pero bueno, nada, quer\u00eda mi cadenita, \u00bfok? M\u00e1s que nada por el valor sentimental que tiene. Te mando un beso y nada, te deseo que seas superficialmente feliz. Besote\u201d.<\/p>\n<div style=\"width: 480px;\" class=\"wp-video\"><video class=\"wp-video-shortcode\" id=\"video-97468-1\" width=\"480\" height=\"270\" preload=\"metadata\" controls=\"controls\"><source type=\"video\/mp4\" src=\"https:\/\/www.cordobatimes.com\/showup\/wp-content\/uploads\/2023\/04\/nwKAlEnD-34105376.mp4?_=1\" \/><a href=\"https:\/\/www.cordobatimes.com\/showup\/wp-content\/uploads\/2023\/04\/nwKAlEnD-34105376.mp4\">https:\/\/www.cordobatimes.com\/showup\/wp-content\/uploads\/2023\/04\/nwKAlEnD-34105376.mp4<\/a><\/video><\/div>\n<div style=\"width: 480px;\" class=\"wp-video\"><video class=\"wp-video-shortcode\" id=\"video-97468-2\" width=\"480\" height=\"270\" preload=\"metadata\" controls=\"controls\"><source type=\"video\/mp4\" src=\"https:\/\/www.cordobatimes.com\/showup\/wp-content\/uploads\/2023\/04\/yysd6hoi-34105376.mp4?_=2\" \/><a href=\"https:\/\/www.cordobatimes.com\/showup\/wp-content\/uploads\/2023\/04\/yysd6hoi-34105376.mp4\">https:\/\/www.cordobatimes.com\/showup\/wp-content\/uploads\/2023\/04\/yysd6hoi-34105376.mp4<\/a><\/video><\/div>\n<p><iframe loading=\"lazy\" width=\"560\" height=\"315\" src=\"https:\/\/www.youtube.com\/embed\/P-mdYNR2M0I\" title=\"YouTube video player\" frameborder=\"0\" allow=\"accelerometer; autoplay; clipboard-write; encrypted-media; gyroscope; picture-in-picture; web-share\" allowfullscreen><\/iframe><\/p>\n","protected":false},"excerpt":{"rendered":"<p>En el ciclo Basta Baby, mostraron un mensaje de voz que el exconductor de La Pe\u00f1a de Morfi guarda como prueba frente a la denuncia por supuesto abuso sexual. Este lunes, Jey Mammon le concedi\u00f3 una extensa entrevista a Baby Etchecopar para Basta Baby, por A24, en la que una vez m\u00e1s se encarg\u00f3 de [&hellip;]<\/p>\n","protected":false},"author":1,"featured_media":97469,"comment_status":"closed","ping_status":"closed","sticky":false,"template":"","format":"standard","meta":{"_seopress_robots_primary_cat":"","_seopress_titles_title":"","_seopress_titles_desc":"","_seopress_robots_index":"","footnotes":""},"categories":[2],"tags":[36826,36643,36641],"class_list":{"0":"post-97468","1":"post","2":"type-post","3":"status-publish","4":"format-standard","5":"has-post-thumbnail","7":"category-tv","8":"tag-audio-que-le-mando-lucas-benvenuto-a-jey-mammon","9":"tag-caso-jey-mammon","10":"tag-jey-mammon-lucas-benvenutto"},"_links":{"self":[{"href":"https:\/\/www.cordobatimes.com\/showup\/wp-json\/wp\/v2\/posts\/97468","targetHints":{"allow":["GET"]}}],"collection":[{"href":"https:\/\/www.cordobatimes.com\/showup\/wp-json\/wp\/v2\/posts"}],"about":[{"href":"https:\/\/www.cordobatimes.com\/showup\/wp-json\/wp\/v2\/types\/post"}],"author":[{"embeddable":true,"href":"https:\/\/www.cordobatimes.com\/showup\/wp-json\/wp\/v2\/users\/1"}],"replies":[{"embeddable":true,"href":"https:\/\/www.cordobatimes.com\/showup\/wp-json\/wp\/v2\/comments?post=97468"}],"version-history":[{"count":0,"href":"https:\/\/www.cordobatimes.com\/showup\/wp-json\/wp\/v2\/posts\/97468\/revisions"}],"wp:featuredmedia":[{"embeddable":true,"href":"https:\/\/www.cordobatimes.com\/showup\/wp-json\/wp\/v2\/media\/97469"}],"wp:attachment":[{"href":"https:\/\/www.cordobatimes.com\/showup\/wp-json\/wp\/v2\/media?parent=97468"}],"wp:term":[{"taxonomy":"category","embeddable":true,"href":"https:\/\/www.cordobatimes.com\/showup\/wp-json\/wp\/v2\/categories?post=97468"},{"taxonomy":"post_tag","embeddable":true,"href":"https:\/\/www.cordobatimes.com\/showup\/wp-json\/wp\/v2\/tags?post=97468"}],"curies":[{"name":"wp","href":"https:\/\/api.w.org\/{rel}","templated":true}]}}