{"id":97455,"date":"2023-04-09T11:09:02","date_gmt":"2023-04-09T14:09:02","guid":{"rendered":"https:\/\/www.cordobatimes.com\/showup\/?p=97455"},"modified":"2023-04-09T11:09:02","modified_gmt":"2023-04-09T14:09:02","slug":"alfa-se-encontro-con-mauricio-macri-y-le-enviaron-una-inesperada-propuesta-a-romina-uhrig","status":"publish","type":"post","link":"https:\/\/www.cordobatimes.com\/showup\/internet\/2023\/04\/09\/alfa-se-encontro-con-mauricio-macri-y-le-enviaron-una-inesperada-propuesta-a-romina-uhrig\/","title":{"rendered":"Alfa se encontr\u00f3 con Mauricio Macri y le enviaron una inesperada propuesta a Romina Uhrig"},"content":{"rendered":"<h3><strong>El expresidente estuvo con el exparticipante del reality de Telefe en un bar y le grabaron un mensaje para la exdiputada.<\/strong><\/h3>\n<p>Walter Alfa Santiago public\u00f3 este martes en su cuenta de Instagram un video junto a Mauricio Macri. El exparticipante de Gran Hermano y el l\u00edder del PRO se encontraron en Pepino, el bar que en m\u00e1s de una ocasi\u00f3n fue mencionado durante la emisi\u00f3n del reality de Telefe.<\/p>\n<p>El video publicado por la hombre m\u00e1s longevo de la casa m\u00e1s famosa del pa\u00eds fue con dedicatoria para su excompa\u00f1era Romina Uhrig, quien en las primeras horas de haber ingresado a la casa m\u00e1s famosa del mundo dijo ser \u201cperonista y kirchnerista\u201d. Adem\u00e1s, en su presentaci\u00f3n cont\u00f3 que fue diputada nacional por la provincia de Buenos Aires (2019-2021). Durante la emisi\u00f3n del programa, entabl\u00f3 amistad con Alfa, pero cerca del final su uni\u00f3n no termin\u00f3 de la mejor manera.<\/p>\n<p>\u201cMir\u00e1 Romina para que veas que no es mentira, yo te voy a decir algo: a Pepino venimos lo que valemos la pena\u201d, se lo escucha decir a Alfa e inmediatamente enfoca a Macri. Y sigue: \u201cAc\u00e1 est\u00e1 mir\u00e1, \u00e9l te va a decir. \u00bfA d\u00f3nde se tiene que sumar Romina, Mauricio? El expresidente responde \u201ca Pepino\u201d, en medio de una sonrisa. \u201c\u00bfY al pro?\u201d, insisti\u00f3 Walter Santiago. \u201cY al PRO\u201d, replic\u00f3 el autor de Para qu\u00e9. \u201cVes Romina que es as\u00ed\u201d, finaliz\u00f3 el ex hermanito.<\/p>\n<div style=\"width: 696px;\" class=\"wp-video\"><video class=\"wp-video-shortcode\" id=\"video-97455-1\" width=\"696\" height=\"1237\" preload=\"metadata\" controls=\"controls\"><source type=\"video\/mp4\" src=\"https:\/\/www.cordobatimes.com\/showup\/wp-content\/uploads\/2023\/04\/4n35rXLo-34105382.mp4?_=1\" \/><a href=\"https:\/\/www.cordobatimes.com\/showup\/wp-content\/uploads\/2023\/04\/4n35rXLo-34105382.mp4\">https:\/\/www.cordobatimes.com\/showup\/wp-content\/uploads\/2023\/04\/4n35rXLo-34105382.mp4<\/a><\/video><\/div>\n","protected":false},"excerpt":{"rendered":"<p>El expresidente estuvo con el exparticipante del reality de Telefe en un bar y le grabaron un mensaje para la exdiputada. Walter Alfa Santiago public\u00f3 este martes en su cuenta de Instagram un video junto a Mauricio Macri. El exparticipante de Gran Hermano y el l\u00edder del PRO se encontraron en Pepino, el bar que [&hellip;]<\/p>\n","protected":false},"author":1,"featured_media":97456,"comment_status":"closed","ping_status":"closed","sticky":false,"template":"","format":"standard","meta":{"_seopress_robots_primary_cat":"","_seopress_titles_title":"","_seopress_titles_desc":"","_seopress_robots_index":"","footnotes":""},"categories":[22956],"tags":[36822,36821],"class_list":{"0":"post-97455","1":"post","2":"type-post","3":"status-publish","4":"format-standard","5":"has-post-thumbnail","7":"category-internet","8":"tag-alfa-de-gran-hermano-mauricio-macri","9":"tag-alfa-se-encontro-con-mauricio-macri"},"_links":{"self":[{"href":"https:\/\/www.cordobatimes.com\/showup\/wp-json\/wp\/v2\/posts\/97455","targetHints":{"allow":["GET"]}}],"collection":[{"href":"https:\/\/www.cordobatimes.com\/showup\/wp-json\/wp\/v2\/posts"}],"about":[{"href":"https:\/\/www.cordobatimes.com\/showup\/wp-json\/wp\/v2\/types\/post"}],"author":[{"embeddable":true,"href":"https:\/\/www.cordobatimes.com\/showup\/wp-json\/wp\/v2\/users\/1"}],"replies":[{"embeddable":true,"href":"https:\/\/www.cordobatimes.com\/showup\/wp-json\/wp\/v2\/comments?post=97455"}],"version-history":[{"count":0,"href":"https:\/\/www.cordobatimes.com\/showup\/wp-json\/wp\/v2\/posts\/97455\/revisions"}],"wp:featuredmedia":[{"embeddable":true,"href":"https:\/\/www.cordobatimes.com\/showup\/wp-json\/wp\/v2\/media\/97456"}],"wp:attachment":[{"href":"https:\/\/www.cordobatimes.com\/showup\/wp-json\/wp\/v2\/media?parent=97455"}],"wp:term":[{"taxonomy":"category","embeddable":true,"href":"https:\/\/www.cordobatimes.com\/showup\/wp-json\/wp\/v2\/categories?post=97455"},{"taxonomy":"post_tag","embeddable":true,"href":"https:\/\/www.cordobatimes.com\/showup\/wp-json\/wp\/v2\/tags?post=97455"}],"curies":[{"name":"wp","href":"https:\/\/api.w.org\/{rel}","templated":true}]}}