{"id":97451,"date":"2023-04-09T11:01:51","date_gmt":"2023-04-09T14:01:51","guid":{"rendered":"https:\/\/www.cordobatimes.com\/showup\/?p=97451"},"modified":"2023-04-09T11:01:51","modified_gmt":"2023-04-09T14:01:51","slug":"baby-etchecopar-conto-una-charla-con-jey-mammon-me-dijo-que-se-iba-a-presentar-a-la-justicia-para-demandar-a-este-chico","status":"publish","type":"post","link":"https:\/\/www.cordobatimes.com\/showup\/tv\/2023\/04\/09\/baby-etchecopar-conto-una-charla-con-jey-mammon-me-dijo-que-se-iba-a-presentar-a-la-justicia-para-demandar-a-este-chico\/","title":{"rendered":"Baby Etchecopar cont\u00f3 una charla con Jey Mammon: \u201cMe dijo que se iba a presentar a la Justicia para demandar a este chico\u201d"},"content":{"rendered":"<h3><strong>El periodista de A24 hizo un an\u00e1lisis de la entrevista al conductor de La Pe\u00f1a de Morfi, se defendi\u00f3 de las cr\u00edticas y realiz\u00f3 un sorpresivo anuncio.<\/strong><\/h3>\n<p>Este lunes, Jey Mammon charl\u00f3 con Baby Etchecopar por A24, luego de haberle dado una entrevista a Jorge Rial. \u201cEl abuso es mentira\u201d, dijo el m\u00fasico en Basta Baby para defenderse una vez m\u00e1s de la acusaci\u00f3n que le hizo Lucas Benvenuto por presunto abuso sexual. La causa que fue cerrada por prescripci\u00f3n en la Justicia a principios de 2021.<\/p>\n<p>\u201cAntes de la nota sent\u00ed nervios porque es un tema \u00e1lgido y dif\u00edcil\u201d, asegur\u00f3 el periodista en una charla con Florencia de la V, en Intrusos (Am\u00e9rica). Adem\u00e1s, aclar\u00f3 que la entrevista fue pedida por el abogado del conductor: \u201cNo le ped\u00ed la nota, (Fernando) Burlando me llam\u00f3 y me dijo que Jey quer\u00eda hacer notas con los que \u00e9l no comulgaba en el estilo, como (Jorge) Rial, (Elizabeth) Vernaci y yo\u201d. La conductora aprovech\u00f3 para comentarle que Vernaci s\u00ed era amiga de Jey.<\/p>\n<p>\u201cAyer se brot\u00f3 y empez\u00f3 a salir el Jey que no es el llor\u00f3n. Yo le dije que no llore, que no le tiemble la voz, que hablara bien. A m\u00ed la melancol\u00eda no me va y sali\u00f3 lo que sali\u00f3\u201d, manifest\u00f3 Baby. Durante la charla, el periodista le hab\u00eda dicho que si estuviera en su lugar har\u00eda una demanda por calumnias e injurias contra Benvenuto para defenderse y al parecer Jey seguir\u00e1 esa recomendaci\u00f3n. \u201cHoy me llam\u00f3 para decirme: \u2018Voy a contrarrestar desde la Justicia\u2019. Si a m\u00ed me pegan en la dignidad salgo a contestar inmediatamente con la Justicia. No me callo. Me dijo que se iba a presentar a la Justicia a demandar a este chico. Es algo normal, quiere ir al juicio por la verdad, pero el chico no quiere\u201d.<\/p>\n<p>Cuando la panelista\u00a0Karina Iav\u00edcoli\u00a0le coment\u00f3 que hab\u00eda tratado \u201ccon cari\u00f1o\u201d a Jey Mammon, Etchecopar le respondi\u00f3: \u201cNo, ning\u00fan cari\u00f1o. No puedo decirle: \u00bfqu\u00e9 hac\u00e9s degenerado?, en una nota que \u00e9l me brinda en su casa. Tampoco pod\u00eda decirle que estuvo fen\u00f3meno. Ten\u00eda que ir por el medio, no pod\u00eda anularlo de entrada para que \u00e9l se pueda explayar una hora\u201d. La periodista insisti\u00f3 con que \u201chab\u00eda sido piadoso\u201d con su entrevistado, pero \u00e9l se defendi\u00f3: \u201cM\u00e1s que piadoso fui cauto. Si se enojaba, se colgaba la nota y se disparaba para cualquier lado, entonces hab\u00eda que tratar de que hable y explique\u201d.<\/p>\n<p>Florencia tom\u00f3 la palabra y destac\u00f3 el trabajo del conductor: \u201cEl periodismo no tiene la culpa, solo va a hacer las preguntas\u201d. Baby le respondi\u00f3: \u201cGracias por defenderme, es matar al cartero\u201d. Luego, critic\u00f3 a Jey Mammon por su discurso: \u201c\u00c9l dec\u00eda: \u2018yo me sent\u00ed, a m\u00ed me pas\u00f3&#8217;. Entonces le dije: \u2018\u00bfpero no pens\u00e1s que al otro est\u00e1 hecho pelota?\u2019. Yo no puedo dar un veredicto de decir le creo o no\u201d.<\/p>\n<p>En la entrevista por A24, Etchecopar hab\u00eda contado que ten\u00eda un audio que Lucas le hab\u00eda mandando a Jey antes de la denuncia medi\u00e1tica. Al respecto, explic\u00f3 en el ciclo de Am\u00e9rica: \u201cEn el audio el chico habla con \u00e9l, ahora de adulto. Jey lo recibi\u00f3 en la radio, estando en el programa. El chico le dice: \u2018\u00bfahora no me atend\u00e9s?, \u00bfte acord\u00e1s de la medallita en la mesa de luz?, \u00bfahora no quer\u00e9s hablar conmigo?\u2019. Cuando me autoricen les doy el audio. No le dice \u2018te voy a matar\u2019, pero si yo tengo el culo sucio y recibo el audio me preocupo\u201d.<\/p>\n<div style=\"width: 480px;\" class=\"wp-video\"><video class=\"wp-video-shortcode\" id=\"video-97451-1\" width=\"480\" height=\"270\" preload=\"metadata\" controls=\"controls\"><source type=\"video\/mp4\" src=\"https:\/\/www.cordobatimes.com\/showup\/wp-content\/uploads\/2023\/04\/ITVSZmUU-34105376.mp4?_=1\" \/><a href=\"https:\/\/www.cordobatimes.com\/showup\/wp-content\/uploads\/2023\/04\/ITVSZmUU-34105376.mp4\">https:\/\/www.cordobatimes.com\/showup\/wp-content\/uploads\/2023\/04\/ITVSZmUU-34105376.mp4<\/a><\/video><\/div>\n","protected":false},"excerpt":{"rendered":"<p>El periodista de A24 hizo un an\u00e1lisis de la entrevista al conductor de La Pe\u00f1a de Morfi, se defendi\u00f3 de las cr\u00edticas y realiz\u00f3 un sorpresivo anuncio. Este lunes, Jey Mammon charl\u00f3 con Baby Etchecopar por A24, luego de haberle dado una entrevista a Jorge Rial. \u201cEl abuso es mentira\u201d, dijo el m\u00fasico en Basta [&hellip;]<\/p>\n","protected":false},"author":1,"featured_media":97452,"comment_status":"closed","ping_status":"closed","sticky":false,"template":"","format":"standard","meta":{"_seopress_robots_primary_cat":"","_seopress_titles_title":"","_seopress_titles_desc":"","_seopress_robots_index":"","footnotes":""},"categories":[2],"tags":[36643,36640],"class_list":{"0":"post-97451","1":"post","2":"type-post","3":"status-publish","4":"format-standard","5":"has-post-thumbnail","7":"category-tv","8":"tag-caso-jey-mammon","9":"tag-denuncia-a-jey-mammon"},"_links":{"self":[{"href":"https:\/\/www.cordobatimes.com\/showup\/wp-json\/wp\/v2\/posts\/97451","targetHints":{"allow":["GET"]}}],"collection":[{"href":"https:\/\/www.cordobatimes.com\/showup\/wp-json\/wp\/v2\/posts"}],"about":[{"href":"https:\/\/www.cordobatimes.com\/showup\/wp-json\/wp\/v2\/types\/post"}],"author":[{"embeddable":true,"href":"https:\/\/www.cordobatimes.com\/showup\/wp-json\/wp\/v2\/users\/1"}],"replies":[{"embeddable":true,"href":"https:\/\/www.cordobatimes.com\/showup\/wp-json\/wp\/v2\/comments?post=97451"}],"version-history":[{"count":0,"href":"https:\/\/www.cordobatimes.com\/showup\/wp-json\/wp\/v2\/posts\/97451\/revisions"}],"wp:featuredmedia":[{"embeddable":true,"href":"https:\/\/www.cordobatimes.com\/showup\/wp-json\/wp\/v2\/media\/97452"}],"wp:attachment":[{"href":"https:\/\/www.cordobatimes.com\/showup\/wp-json\/wp\/v2\/media?parent=97451"}],"wp:term":[{"taxonomy":"category","embeddable":true,"href":"https:\/\/www.cordobatimes.com\/showup\/wp-json\/wp\/v2\/categories?post=97451"},{"taxonomy":"post_tag","embeddable":true,"href":"https:\/\/www.cordobatimes.com\/showup\/wp-json\/wp\/v2\/tags?post=97451"}],"curies":[{"name":"wp","href":"https:\/\/api.w.org\/{rel}","templated":true}]}}