{"id":97445,"date":"2023-04-09T10:34:48","date_gmt":"2023-04-09T13:34:48","guid":{"rendered":"https:\/\/www.cordobatimes.com\/showup\/?p=97445"},"modified":"2023-04-09T10:34:48","modified_gmt":"2023-04-09T13:34:48","slug":"jey-mammon-a-solas-con-baby-etchecopar-el-abuso-es-mentira","status":"publish","type":"post","link":"https:\/\/www.cordobatimes.com\/showup\/tv\/2023\/04\/09\/jey-mammon-a-solas-con-baby-etchecopar-el-abuso-es-mentira\/","title":{"rendered":"Jey Mamm\u00f3n a solas con Baby Etchecopar: \u201cEl abuso es mentira\u201d"},"content":{"rendered":"<h3><strong>El conductor, acusado por presunto abuso sexual por Lucas Benvenuto en una causa que prescribi\u00f3, dialog\u00f3 en exclusiva con el periodista de A24<\/strong><\/h3>\n<p>Ya hab\u00eda hablado. El \u00faltimo viernes, Jorge Rial puso al aire en Argenzuela, por C5N, una entrevista que hab\u00eda grabado con Jey Mamm\u00f3n en el domicilio del exconductor de La Pe\u00f1a de Morfi. Y, aunque en ella el c\u00f3mico neg\u00f3 rotundamente la acusaci\u00f3n que le hizo Lucas Benvenuto por presunto abuso sexual cuando \u00e9l ten\u00eda 14 a\u00f1os de edad, causa que fue cerrada por prescripci\u00f3n en la Justicia a principios del 2021, a\u00fan hab\u00edan quedado pendientes muchas preguntas para \u00e9l. Y este lunes fue Baby Etchecopar quien, en una charla que se trasmiti\u00f3 en vivo para Basta Baby, en A24, decidi\u00f3 ir a fondo para tratar de despejar todas las dudas.<\/p>\n<p><iframe loading=\"lazy\" title=\"YouTube video player\" src=\"https:\/\/www.youtube.com\/embed\/LT1p2HA4Ea4\" width=\"560\" height=\"315\" frameborder=\"0\" allowfullscreen=\"allowfullscreen\"><\/iframe><\/p>\n","protected":false},"excerpt":{"rendered":"<p>El conductor, acusado por presunto abuso sexual por Lucas Benvenuto en una causa que prescribi\u00f3, dialog\u00f3 en exclusiva con el periodista de A24 Ya hab\u00eda hablado. El \u00faltimo viernes, Jorge Rial puso al aire en Argenzuela, por C5N, una entrevista que hab\u00eda grabado con Jey Mamm\u00f3n en el domicilio del exconductor de La Pe\u00f1a de [&hellip;]<\/p>\n","protected":false},"author":1,"featured_media":97446,"comment_status":"closed","ping_status":"closed","sticky":false,"template":"","format":"standard","meta":{"_seopress_robots_primary_cat":"","_seopress_titles_title":"","_seopress_titles_desc":"","_seopress_robots_index":"","footnotes":""},"categories":[2],"tags":[36643,36819,36641],"class_list":{"0":"post-97445","1":"post","2":"type-post","3":"status-publish","4":"format-standard","5":"has-post-thumbnail","7":"category-tv","8":"tag-caso-jey-mammon","9":"tag-jey-mammon-a-solas-con-baby-etchecopar","10":"tag-jey-mammon-lucas-benvenutto"},"_links":{"self":[{"href":"https:\/\/www.cordobatimes.com\/showup\/wp-json\/wp\/v2\/posts\/97445","targetHints":{"allow":["GET"]}}],"collection":[{"href":"https:\/\/www.cordobatimes.com\/showup\/wp-json\/wp\/v2\/posts"}],"about":[{"href":"https:\/\/www.cordobatimes.com\/showup\/wp-json\/wp\/v2\/types\/post"}],"author":[{"embeddable":true,"href":"https:\/\/www.cordobatimes.com\/showup\/wp-json\/wp\/v2\/users\/1"}],"replies":[{"embeddable":true,"href":"https:\/\/www.cordobatimes.com\/showup\/wp-json\/wp\/v2\/comments?post=97445"}],"version-history":[{"count":0,"href":"https:\/\/www.cordobatimes.com\/showup\/wp-json\/wp\/v2\/posts\/97445\/revisions"}],"wp:featuredmedia":[{"embeddable":true,"href":"https:\/\/www.cordobatimes.com\/showup\/wp-json\/wp\/v2\/media\/97446"}],"wp:attachment":[{"href":"https:\/\/www.cordobatimes.com\/showup\/wp-json\/wp\/v2\/media?parent=97445"}],"wp:term":[{"taxonomy":"category","embeddable":true,"href":"https:\/\/www.cordobatimes.com\/showup\/wp-json\/wp\/v2\/categories?post=97445"},{"taxonomy":"post_tag","embeddable":true,"href":"https:\/\/www.cordobatimes.com\/showup\/wp-json\/wp\/v2\/tags?post=97445"}],"curies":[{"name":"wp","href":"https:\/\/api.w.org\/{rel}","templated":true}]}}