{"id":97438,"date":"2023-04-09T09:41:15","date_gmt":"2023-04-09T12:41:15","guid":{"rendered":"https:\/\/www.cordobatimes.com\/showup\/?p=97438"},"modified":"2023-04-09T09:41:15","modified_gmt":"2023-04-09T12:41:15","slug":"los-autenticos-decadentes-y-andres-calamaro-realizaron-un-clasico-de-los-abuelos-de-la-nada","status":"publish","type":"post","link":"https:\/\/www.cordobatimes.com\/showup\/musica\/2023\/04\/09\/los-autenticos-decadentes-y-andres-calamaro-realizaron-un-clasico-de-los-abuelos-de-la-nada\/","title":{"rendered":"Los Aut\u00e9nticos Decadentes y Andr\u00e9s Calamaro realizaron un cl\u00e1sico de Los Abuelos de la Nada"},"content":{"rendered":"<h3><strong>Se trata de una nueva versi\u00f3n de \u201cCostumbres argentinas\u201d que formar\u00e1 parte del \u00faltimo volumen de la trilog\u00eda ADN.<\/strong><\/h3>\n<p>\u201cVamos a cantarles un estreno, ya el segundo estreno. Se llama \u2018Costumbres argentinas\u2019 y dice as\u00ed&#8230;\u201d, dec\u00eda un joven Andr\u00e9s Calamaro en 1985 sobre las tablas del Teatro \u00d3pera para introducir una canci\u00f3n de su autor\u00eda y que junto a Los Abuelos de la Nada se convertir\u00eda en un hit absoluto del rock argentino. La frase qued\u00f3 inmortalizada en el \u00e1lbum Los Abuelos de la Nada en el \u00d3pera en el que fuera el \u00faltimo registro del grupo con la formaci\u00f3n que inclu\u00eda a Calamaro, Miguel Abuelo y Cachorro L\u00f3pez.<\/p>\n<p>Y ahora, esta canci\u00f3n que nunca tuvo un registro en estudio, tendr\u00e1 una nueva vida en la voz de Andr\u00e9s -compositor del tema- pero acompa\u00f1ado por Los Aut\u00e9nticos Decadentes, quienes lo invitaron a grabar una versi\u00f3n de la emblem\u00e1tica canci\u00f3n que son\u00f3 por primera vez en aquella funci\u00f3n de junio del 85.<\/p>\n<p>El tema, en el que Calamaro comparte versos con Diego Demarco, guitarrista decadente, se estrenar\u00e1 junto a su videoclip el pr\u00f3ximo 20 de abril y ser\u00e1 parte del Cap\u00edtulo N, tercer \u00e1lbum de la trilog\u00eda discogr\u00e1fica ADN que los Decadentes iniciaron en noviembre de 2021.<\/p>\n<p><iframe loading=\"lazy\" width=\"560\" height=\"315\" src=\"https:\/\/www.youtube.com\/embed\/ESCM6epAv7U\" title=\"YouTube video player\" frameborder=\"0\" allow=\"accelerometer; autoplay; clipboard-write; encrypted-media; gyroscope; picture-in-picture; web-share\" allowfullscreen><\/iframe><\/p>\n","protected":false},"excerpt":{"rendered":"<p>Se trata de una nueva versi\u00f3n de \u201cCostumbres argentinas\u201d que formar\u00e1 parte del \u00faltimo volumen de la trilog\u00eda ADN. \u201cVamos a cantarles un estreno, ya el segundo estreno. Se llama \u2018Costumbres argentinas\u2019 y dice as\u00ed&#8230;\u201d, dec\u00eda un joven Andr\u00e9s Calamaro en 1985 sobre las tablas del Teatro \u00d3pera para introducir una canci\u00f3n de su autor\u00eda [&hellip;]<\/p>\n","protected":false},"author":1,"featured_media":97439,"comment_status":"closed","ping_status":"closed","sticky":false,"template":"","format":"standard","meta":{"_seopress_robots_primary_cat":"","_seopress_titles_title":"","_seopress_titles_desc":"","_seopress_robots_index":"","footnotes":""},"categories":[5],"tags":[36816,36815],"class_list":{"0":"post-97438","1":"post","2":"type-post","3":"status-publish","4":"format-standard","5":"has-post-thumbnail","7":"category-musica","8":"tag-los-autenticos-decadentes-ft-andres-calamaro-costumbres-argentinas","9":"tag-los-autenticos-decadentes-y-andres-calamaro"},"_links":{"self":[{"href":"https:\/\/www.cordobatimes.com\/showup\/wp-json\/wp\/v2\/posts\/97438","targetHints":{"allow":["GET"]}}],"collection":[{"href":"https:\/\/www.cordobatimes.com\/showup\/wp-json\/wp\/v2\/posts"}],"about":[{"href":"https:\/\/www.cordobatimes.com\/showup\/wp-json\/wp\/v2\/types\/post"}],"author":[{"embeddable":true,"href":"https:\/\/www.cordobatimes.com\/showup\/wp-json\/wp\/v2\/users\/1"}],"replies":[{"embeddable":true,"href":"https:\/\/www.cordobatimes.com\/showup\/wp-json\/wp\/v2\/comments?post=97438"}],"version-history":[{"count":0,"href":"https:\/\/www.cordobatimes.com\/showup\/wp-json\/wp\/v2\/posts\/97438\/revisions"}],"wp:featuredmedia":[{"embeddable":true,"href":"https:\/\/www.cordobatimes.com\/showup\/wp-json\/wp\/v2\/media\/97439"}],"wp:attachment":[{"href":"https:\/\/www.cordobatimes.com\/showup\/wp-json\/wp\/v2\/media?parent=97438"}],"wp:term":[{"taxonomy":"category","embeddable":true,"href":"https:\/\/www.cordobatimes.com\/showup\/wp-json\/wp\/v2\/categories?post=97438"},{"taxonomy":"post_tag","embeddable":true,"href":"https:\/\/www.cordobatimes.com\/showup\/wp-json\/wp\/v2\/tags?post=97438"}],"curies":[{"name":"wp","href":"https:\/\/api.w.org\/{rel}","templated":true}]}}