{"id":97388,"date":"2023-03-31T18:57:52","date_gmt":"2023-03-31T21:57:52","guid":{"rendered":"https:\/\/www.cordobatimes.com\/showup\/?p=97388"},"modified":"2023-03-31T18:57:52","modified_gmt":"2023-03-31T21:57:52","slug":"los-posteos-de-lucas-benvenuto-en-medio-de-la-entrevista-de-jey-mammon","status":"publish","type":"post","link":"https:\/\/www.cordobatimes.com\/showup\/internet\/2023\/03\/31\/los-posteos-de-lucas-benvenuto-en-medio-de-la-entrevista-de-jey-mammon\/","title":{"rendered":"Los posteos de Lucas Benvenuto en medio de la entrevista de Jey Mammon"},"content":{"rendered":"<h3><strong>El joven se manifest\u00f3 en sus redes sociales durante la nota que dio el conductor de La pe\u00f1a de Morfi, a quien acusa por presunto abuso sexual<\/strong><\/h3>\n<p>En la tarde del viernes, se emiti\u00f3 al aire la entrevista que\u00a0Jorge Rial\u00a0le hizo a\u00a0Jey Mammon. Es la primera vez que el conductor habla p\u00fablicamente sobre la denuncia que le hizo\u00a0Lucas Benvenuto\u00a0por presunto abuso sexual. Desde que el tema tom\u00f3 estado p\u00fablico el jueves pasado, el conductor y m\u00fasico solo se hab\u00eda manifestado a trav\u00e9s de sus redes sociales, con un comunicado primero y un video d\u00edas despu\u00e9s, en el que durante 7 minutos relat\u00f3 su versi\u00f3n de los hechos.<\/p>\n<p>Un d\u00eda despu\u00e9s de emitir dicha filmaci\u00f3n, trascendi\u00f3 que Mammon hablar\u00eda con Jorge Rial, en una entrevista que se grab\u00f3 el jueves. El video completo de la charla se vio en una emisi\u00f3n especial de\u00a0Argenzuela\u00a0(C5N), de tres horas de duraci\u00f3n, en la que seg\u00fan inform\u00f3 Rial se vio la totalidad de la charla, sin cortes de edici\u00f3n, que se registr\u00f3 en el domicilio del conductor de\u00a0La pe\u00f1a de morfi.<\/p>\n<p>Promediando la entrevista, Lucas Benvenuto se manifest\u00f3 en sus cuenta de Instagram. Lo hizo con lenguaje propio de las redes sociales, con un coraz\u00f3n amarillo, un emoji de una boca con un cierre y el hashtag #YoS\u00edTeCreo, todo sobre un fondo negro.<\/p>\n<p><img alt=\"\" loading=\"lazy\" decoding=\"async\" class=\"alignnone wp-image-97390 size-full\" src=\"https:\/\/www.cordobatimes.com\/showup\/wp-content\/uploads\/2023\/03\/276363-13.jpg\" alt=\"\" width=\"1179\" height=\"2096\" srcset=\"https:\/\/www.cordobatimes.com\/showup\/wp-content\/uploads\/2023\/03\/276363-13.jpg 1179w, https:\/\/www.cordobatimes.com\/showup\/wp-content\/uploads\/2023\/03\/276363-13-236x420.jpg 236w, https:\/\/www.cordobatimes.com\/showup\/wp-content\/uploads\/2023\/03\/276363-13-576x1024.jpg 576w, https:\/\/www.cordobatimes.com\/showup\/wp-content\/uploads\/2023\/03\/276363-13-768x1365.jpg 768w, https:\/\/www.cordobatimes.com\/showup\/wp-content\/uploads\/2023\/03\/276363-13-864x1536.jpg 864w, https:\/\/www.cordobatimes.com\/showup\/wp-content\/uploads\/2023\/03\/276363-13-1152x2048.jpg 1152w, https:\/\/www.cordobatimes.com\/showup\/wp-content\/uploads\/2023\/03\/276363-13-696x1237.jpg 696w, https:\/\/www.cordobatimes.com\/showup\/wp-content\/uploads\/2023\/03\/276363-13-1068x1899.jpg 1068w\" sizes=\"auto, (max-width: 1179px) 100vw, 1179px\" \/><\/p>\n<p>A continuaci\u00f3n, subi\u00f3 dos videos en los que se lo ve patinando sobre hielo. En uno opt\u00f3 por el emoji de un brazo haciendo fuerza y en el otro lo puso en palabras. \u201cNecesito fuerte\u201d, escribi\u00f3 junto a un coraz\u00f3n rojo y el emoji de un rostro entre l\u00e1grimas. Vale recordar que Benvenuto se define en sus redes sociales como instructor de la Federaci\u00f3n Argentina de Patinaje sobre Hielo<\/p>\n<div style=\"width: 696px;\" class=\"wp-video\"><video class=\"wp-video-shortcode\" id=\"video-97388-1\" width=\"696\" height=\"1237\" preload=\"metadata\" controls=\"controls\"><source type=\"video\/mp4\" src=\"https:\/\/www.cordobatimes.com\/showup\/wp-content\/uploads\/2023\/03\/SaveInsta.App-3070840802889452808_2014121010.mp4?_=1\" \/><a href=\"https:\/\/www.cordobatimes.com\/showup\/wp-content\/uploads\/2023\/03\/SaveInsta.App-3070840802889452808_2014121010.mp4\">https:\/\/www.cordobatimes.com\/showup\/wp-content\/uploads\/2023\/03\/SaveInsta.App-3070840802889452808_2014121010.mp4<\/a><\/video><\/div>\n<div style=\"width: 696px;\" class=\"wp-video\"><video class=\"wp-video-shortcode\" id=\"video-97388-2\" width=\"696\" height=\"1237\" preload=\"metadata\" controls=\"controls\"><source type=\"video\/mp4\" src=\"https:\/\/www.cordobatimes.com\/showup\/wp-content\/uploads\/2023\/03\/SaveInsta.App-3070822442583724687_2014121010.mp4?_=2\" \/><a href=\"https:\/\/www.cordobatimes.com\/showup\/wp-content\/uploads\/2023\/03\/SaveInsta.App-3070822442583724687_2014121010.mp4\">https:\/\/www.cordobatimes.com\/showup\/wp-content\/uploads\/2023\/03\/SaveInsta.App-3070822442583724687_2014121010.mp4<\/a><\/video><\/div>\n<div style=\"width: 696px;\" class=\"wp-video\"><video class=\"wp-video-shortcode\" id=\"video-97388-3\" width=\"696\" height=\"1237\" preload=\"metadata\" controls=\"controls\"><source type=\"video\/mp4\" src=\"https:\/\/www.cordobatimes.com\/showup\/wp-content\/uploads\/2023\/03\/SaveInsta.App-3070871878613817297_2014121010.mp4?_=3\" \/><a href=\"https:\/\/www.cordobatimes.com\/showup\/wp-content\/uploads\/2023\/03\/SaveInsta.App-3070871878613817297_2014121010.mp4\">https:\/\/www.cordobatimes.com\/showup\/wp-content\/uploads\/2023\/03\/SaveInsta.App-3070871878613817297_2014121010.mp4<\/a><\/video><\/div>\n<div style=\"width: 696px;\" class=\"wp-video\"><video class=\"wp-video-shortcode\" id=\"video-97388-4\" width=\"696\" height=\"1237\" preload=\"metadata\" controls=\"controls\"><source type=\"video\/mp4\" src=\"https:\/\/www.cordobatimes.com\/showup\/wp-content\/uploads\/2023\/03\/SaveInsta.App-3070868962817353663_2014121010.mp4?_=4\" \/><a href=\"https:\/\/www.cordobatimes.com\/showup\/wp-content\/uploads\/2023\/03\/SaveInsta.App-3070868962817353663_2014121010.mp4\">https:\/\/www.cordobatimes.com\/showup\/wp-content\/uploads\/2023\/03\/SaveInsta.App-3070868962817353663_2014121010.mp4<\/a><\/video><\/div>\n<div style=\"width: 696px;\" class=\"wp-video\"><video class=\"wp-video-shortcode\" id=\"video-97388-5\" width=\"696\" height=\"1237\" preload=\"metadata\" controls=\"controls\"><source type=\"video\/mp4\" src=\"https:\/\/www.cordobatimes.com\/showup\/wp-content\/uploads\/2023\/03\/SaveInsta.App-3070859781863521416_2014121010.mp4?_=5\" \/><a href=\"https:\/\/www.cordobatimes.com\/showup\/wp-content\/uploads\/2023\/03\/SaveInsta.App-3070859781863521416_2014121010.mp4\">https:\/\/www.cordobatimes.com\/showup\/wp-content\/uploads\/2023\/03\/SaveInsta.App-3070859781863521416_2014121010.mp4<\/a><\/video><\/div>\n<p>&nbsp;<\/p>\n","protected":false},"excerpt":{"rendered":"<p>El joven se manifest\u00f3 en sus redes sociales durante la nota que dio el conductor de La pe\u00f1a de Morfi, a quien acusa por presunto abuso sexual En la tarde del viernes, se emiti\u00f3 al aire la entrevista que\u00a0Jorge Rial\u00a0le hizo a\u00a0Jey Mammon. Es la primera vez que el conductor habla p\u00fablicamente sobre la denuncia [&hellip;]<\/p>\n","protected":false},"author":1,"featured_media":97389,"comment_status":"closed","ping_status":"closed","sticky":false,"template":"","format":"standard","meta":{"_seopress_robots_primary_cat":"","_seopress_titles_title":"","_seopress_titles_desc":"","_seopress_robots_index":"","footnotes":""},"categories":[22956],"tags":[36643,36640,36792,36778,36641,36791],"class_list":{"0":"post-97388","1":"post","2":"type-post","3":"status-publish","4":"format-standard","5":"has-post-thumbnail","7":"category-internet","8":"tag-caso-jey-mammon","9":"tag-denuncia-a-jey-mammon","10":"tag-entrevista-de-jey-mammon","11":"tag-entrevista-de-jey-mammon-con-jorge-rial","12":"tag-jey-mammon-lucas-benvenutto","13":"tag-posteos-de-lucas-benvenuto"},"_links":{"self":[{"href":"https:\/\/www.cordobatimes.com\/showup\/wp-json\/wp\/v2\/posts\/97388","targetHints":{"allow":["GET"]}}],"collection":[{"href":"https:\/\/www.cordobatimes.com\/showup\/wp-json\/wp\/v2\/posts"}],"about":[{"href":"https:\/\/www.cordobatimes.com\/showup\/wp-json\/wp\/v2\/types\/post"}],"author":[{"embeddable":true,"href":"https:\/\/www.cordobatimes.com\/showup\/wp-json\/wp\/v2\/users\/1"}],"replies":[{"embeddable":true,"href":"https:\/\/www.cordobatimes.com\/showup\/wp-json\/wp\/v2\/comments?post=97388"}],"version-history":[{"count":0,"href":"https:\/\/www.cordobatimes.com\/showup\/wp-json\/wp\/v2\/posts\/97388\/revisions"}],"wp:featuredmedia":[{"embeddable":true,"href":"https:\/\/www.cordobatimes.com\/showup\/wp-json\/wp\/v2\/media\/97389"}],"wp:attachment":[{"href":"https:\/\/www.cordobatimes.com\/showup\/wp-json\/wp\/v2\/media?parent=97388"}],"wp:term":[{"taxonomy":"category","embeddable":true,"href":"https:\/\/www.cordobatimes.com\/showup\/wp-json\/wp\/v2\/categories?post=97388"},{"taxonomy":"post_tag","embeddable":true,"href":"https:\/\/www.cordobatimes.com\/showup\/wp-json\/wp\/v2\/tags?post=97388"}],"curies":[{"name":"wp","href":"https:\/\/api.w.org\/{rel}","templated":true}]}}