{"id":97377,"date":"2023-03-31T11:23:56","date_gmt":"2023-03-31T14:23:56","guid":{"rendered":"https:\/\/www.cordobatimes.com\/showup\/?p=97377"},"modified":"2023-03-31T11:23:56","modified_gmt":"2023-03-31T14:23:56","slug":"la-reaccion-de-lucas-benvenuto-tras-la-entrevista-a-jey-mammon","status":"publish","type":"post","link":"https:\/\/www.cordobatimes.com\/showup\/internet\/2023\/03\/31\/la-reaccion-de-lucas-benvenuto-tras-la-entrevista-a-jey-mammon\/","title":{"rendered":"La reacci\u00f3n de Lucas Benvenuto tras la entrevista a Jey Mammon"},"content":{"rendered":"<h3><strong>El joven public\u00f3 una historia en su Instagram en el que arremeti\u00f3 contra el conductor, tras las declaraciones que hizo.<\/strong><\/h3>\n<p>ras el video en el que\u00a0Jey Mamm\u00f3n\u00a0asegur\u00f3 que conoci\u00f3 a\u00a0Lucas Benvenuto\u00a0cuando el joven ten\u00eda 16 a\u00f1os, el denunciante del animador\u00a0ratific\u00f3 en sus redes que era m\u00e1s chico.<\/p>\n<p>\u201c14. Yo no miento. \u00bfQu\u00e9 parte no se entiende?\u00a0Dejen de normalizar el abuso\u201d, escribi\u00f3 en una historia de Instagram, junto a un emoji de un coraz\u00f3n que est\u00e1 herido y cruzado por un<\/p>\n<p>Debajo de esa frase, Benvenuto volvi\u00f3 a hacer referencia a uno de los atacantes sexuales que integr\u00f3\u00a0una banda de ped\u00f3filos\u00a0que somet\u00eda a menores y que fueron condenados por la Justicia hace a\u00f1os. Adem\u00e1s,\u00a0el joven lo compar\u00f3 con Jey Mamm\u00f3n.<\/p>\n<p>\u201cMarcelo Rocca Clement\u00a0tambi\u00e9n me dec\u00eda lo mismo a los 12. Est\u00e1n cortados por la misma tijera estos hdp\u201d, enfatiz\u00f3. En la historia siguiente, volvi\u00f3 a compartir el posteo con\u00a0\u201cla carta al ni\u00f1o que alguna vez fui\u201d.<\/p>\n<p>En las \u00faltimas horas,\u00a0Jey Mamm\u00f3n le hab\u00eda mandado\u00a0un mensaje al joven que lo denunci\u00f3, tras el impacto medi\u00e1tico del caso de\u00a0Marcelo Corazza.\u00a0\u201cLe deseo de coraz\u00f3n que pueda sanar su alma y que si dentro de lo que \u00e9l siente, de lo cual yo no comparto,\u00a0que yo puedo ser parte de su da\u00f1o, lo abrazo\u201d, expres\u00f3 el m\u00fasico y humorista.<\/p>\n<p><img alt=\"\" loading=\"lazy\" decoding=\"async\" class=\"alignnone wp-image-97379 size-full\" src=\"https:\/\/www.cordobatimes.com\/showup\/wp-content\/uploads\/2023\/03\/276363-10.jpg\" alt=\"\" width=\"1179\" height=\"2096\" srcset=\"https:\/\/www.cordobatimes.com\/showup\/wp-content\/uploads\/2023\/03\/276363-10.jpg 1179w, https:\/\/www.cordobatimes.com\/showup\/wp-content\/uploads\/2023\/03\/276363-10-236x420.jpg 236w, https:\/\/www.cordobatimes.com\/showup\/wp-content\/uploads\/2023\/03\/276363-10-576x1024.jpg 576w, https:\/\/www.cordobatimes.com\/showup\/wp-content\/uploads\/2023\/03\/276363-10-768x1365.jpg 768w, https:\/\/www.cordobatimes.com\/showup\/wp-content\/uploads\/2023\/03\/276363-10-864x1536.jpg 864w, https:\/\/www.cordobatimes.com\/showup\/wp-content\/uploads\/2023\/03\/276363-10-1152x2048.jpg 1152w, https:\/\/www.cordobatimes.com\/showup\/wp-content\/uploads\/2023\/03\/276363-10-696x1237.jpg 696w, https:\/\/www.cordobatimes.com\/showup\/wp-content\/uploads\/2023\/03\/276363-10-1068x1899.jpg 1068w\" sizes=\"auto, (max-width: 1179px) 100vw, 1179px\" \/> <img alt=\"\" loading=\"lazy\" decoding=\"async\" class=\"alignnone wp-image-97380 size-full\" src=\"https:\/\/www.cordobatimes.com\/showup\/wp-content\/uploads\/2023\/03\/276363-9.jpg\" alt=\"\" width=\"1179\" height=\"2096\" srcset=\"https:\/\/www.cordobatimes.com\/showup\/wp-content\/uploads\/2023\/03\/276363-9.jpg 1179w, https:\/\/www.cordobatimes.com\/showup\/wp-content\/uploads\/2023\/03\/276363-9-236x420.jpg 236w, https:\/\/www.cordobatimes.com\/showup\/wp-content\/uploads\/2023\/03\/276363-9-576x1024.jpg 576w, https:\/\/www.cordobatimes.com\/showup\/wp-content\/uploads\/2023\/03\/276363-9-768x1365.jpg 768w, https:\/\/www.cordobatimes.com\/showup\/wp-content\/uploads\/2023\/03\/276363-9-864x1536.jpg 864w, https:\/\/www.cordobatimes.com\/showup\/wp-content\/uploads\/2023\/03\/276363-9-1152x2048.jpg 1152w, https:\/\/www.cordobatimes.com\/showup\/wp-content\/uploads\/2023\/03\/276363-9-696x1237.jpg 696w, https:\/\/www.cordobatimes.com\/showup\/wp-content\/uploads\/2023\/03\/276363-9-1068x1899.jpg 1068w\" sizes=\"auto, (max-width: 1179px) 100vw, 1179px\" \/> <img alt=\"\" loading=\"lazy\" decoding=\"async\" class=\"alignnone wp-image-97381 size-full\" src=\"https:\/\/www.cordobatimes.com\/showup\/wp-content\/uploads\/2023\/03\/Pantallazo-31-03-2023-11.19.55.jpg\" alt=\"\" width=\"436\" height=\"695\" srcset=\"https:\/\/www.cordobatimes.com\/showup\/wp-content\/uploads\/2023\/03\/Pantallazo-31-03-2023-11.19.55.jpg 436w, https:\/\/www.cordobatimes.com\/showup\/wp-content\/uploads\/2023\/03\/Pantallazo-31-03-2023-11.19.55-263x420.jpg 263w\" sizes=\"auto, (max-width: 436px) 100vw, 436px\" \/> <img alt=\"\" loading=\"lazy\" decoding=\"async\" class=\"alignnone wp-image-97382 size-full\" src=\"https:\/\/www.cordobatimes.com\/showup\/wp-content\/uploads\/2023\/03\/276363-12.jpg\" alt=\"\" width=\"1179\" height=\"2096\" srcset=\"https:\/\/www.cordobatimes.com\/showup\/wp-content\/uploads\/2023\/03\/276363-12.jpg 1179w, https:\/\/www.cordobatimes.com\/showup\/wp-content\/uploads\/2023\/03\/276363-12-236x420.jpg 236w, https:\/\/www.cordobatimes.com\/showup\/wp-content\/uploads\/2023\/03\/276363-12-576x1024.jpg 576w, https:\/\/www.cordobatimes.com\/showup\/wp-content\/uploads\/2023\/03\/276363-12-768x1365.jpg 768w, https:\/\/www.cordobatimes.com\/showup\/wp-content\/uploads\/2023\/03\/276363-12-864x1536.jpg 864w, https:\/\/www.cordobatimes.com\/showup\/wp-content\/uploads\/2023\/03\/276363-12-1152x2048.jpg 1152w, https:\/\/www.cordobatimes.com\/showup\/wp-content\/uploads\/2023\/03\/276363-12-696x1237.jpg 696w, https:\/\/www.cordobatimes.com\/showup\/wp-content\/uploads\/2023\/03\/276363-12-1068x1899.jpg 1068w\" sizes=\"auto, (max-width: 1179px) 100vw, 1179px\" \/> <img alt=\"\" loading=\"lazy\" decoding=\"async\" class=\"alignnone wp-image-97383 size-full\" src=\"https:\/\/www.cordobatimes.com\/showup\/wp-content\/uploads\/2023\/03\/276363-11.jpg\" alt=\"\" width=\"1179\" height=\"2096\" srcset=\"https:\/\/www.cordobatimes.com\/showup\/wp-content\/uploads\/2023\/03\/276363-11.jpg 1179w, https:\/\/www.cordobatimes.com\/showup\/wp-content\/uploads\/2023\/03\/276363-11-236x420.jpg 236w, https:\/\/www.cordobatimes.com\/showup\/wp-content\/uploads\/2023\/03\/276363-11-576x1024.jpg 576w, https:\/\/www.cordobatimes.com\/showup\/wp-content\/uploads\/2023\/03\/276363-11-768x1365.jpg 768w, https:\/\/www.cordobatimes.com\/showup\/wp-content\/uploads\/2023\/03\/276363-11-864x1536.jpg 864w, https:\/\/www.cordobatimes.com\/showup\/wp-content\/uploads\/2023\/03\/276363-11-1152x2048.jpg 1152w, https:\/\/www.cordobatimes.com\/showup\/wp-content\/uploads\/2023\/03\/276363-11-696x1237.jpg 696w, https:\/\/www.cordobatimes.com\/showup\/wp-content\/uploads\/2023\/03\/276363-11-1068x1899.jpg 1068w\" sizes=\"auto, (max-width: 1179px) 100vw, 1179px\" \/><\/p>\n<p>&nbsp;<\/p>\n","protected":false},"excerpt":{"rendered":"<p>El joven public\u00f3 una historia en su Instagram en el que arremeti\u00f3 contra el conductor, tras las declaraciones que hizo. ras el video en el que\u00a0Jey Mamm\u00f3n\u00a0asegur\u00f3 que conoci\u00f3 a\u00a0Lucas Benvenuto\u00a0cuando el joven ten\u00eda 16 a\u00f1os, el denunciante del animador\u00a0ratific\u00f3 en sus redes que era m\u00e1s chico. \u201c14. Yo no miento. \u00bfQu\u00e9 parte no se [&hellip;]<\/p>\n","protected":false},"author":1,"featured_media":97378,"comment_status":"closed","ping_status":"closed","sticky":false,"template":"","format":"standard","meta":{"_seopress_robots_primary_cat":"","_seopress_titles_title":"","_seopress_titles_desc":"","_seopress_robots_index":"","footnotes":""},"categories":[22956],"tags":[36643,36640,36790,36641],"class_list":{"0":"post-97377","1":"post","2":"type-post","3":"status-publish","4":"format-standard","5":"has-post-thumbnail","7":"category-internet","8":"tag-caso-jey-mammon","9":"tag-denuncia-a-jey-mammon","10":"tag-entrevista-a-jey-mammon","11":"tag-jey-mammon-lucas-benvenutto"},"_links":{"self":[{"href":"https:\/\/www.cordobatimes.com\/showup\/wp-json\/wp\/v2\/posts\/97377","targetHints":{"allow":["GET"]}}],"collection":[{"href":"https:\/\/www.cordobatimes.com\/showup\/wp-json\/wp\/v2\/posts"}],"about":[{"href":"https:\/\/www.cordobatimes.com\/showup\/wp-json\/wp\/v2\/types\/post"}],"author":[{"embeddable":true,"href":"https:\/\/www.cordobatimes.com\/showup\/wp-json\/wp\/v2\/users\/1"}],"replies":[{"embeddable":true,"href":"https:\/\/www.cordobatimes.com\/showup\/wp-json\/wp\/v2\/comments?post=97377"}],"version-history":[{"count":0,"href":"https:\/\/www.cordobatimes.com\/showup\/wp-json\/wp\/v2\/posts\/97377\/revisions"}],"wp:featuredmedia":[{"embeddable":true,"href":"https:\/\/www.cordobatimes.com\/showup\/wp-json\/wp\/v2\/media\/97378"}],"wp:attachment":[{"href":"https:\/\/www.cordobatimes.com\/showup\/wp-json\/wp\/v2\/media?parent=97377"}],"wp:term":[{"taxonomy":"category","embeddable":true,"href":"https:\/\/www.cordobatimes.com\/showup\/wp-json\/wp\/v2\/categories?post=97377"},{"taxonomy":"post_tag","embeddable":true,"href":"https:\/\/www.cordobatimes.com\/showup\/wp-json\/wp\/v2\/tags?post=97377"}],"curies":[{"name":"wp","href":"https:\/\/api.w.org\/{rel}","templated":true}]}}