{"id":97361,"date":"2023-03-31T09:10:47","date_gmt":"2023-03-31T12:10:47","guid":{"rendered":"https:\/\/www.cordobatimes.com\/showup\/?p=97361"},"modified":"2023-03-31T09:10:47","modified_gmt":"2023-03-31T12:10:47","slug":"jey-mammon-le-hablo-a-lucas-benvenuto-en-su-primera-entrevista-despues-de-la-denuncia","status":"publish","type":"post","link":"https:\/\/www.cordobatimes.com\/showup\/tv\/2023\/03\/31\/jey-mammon-le-hablo-a-lucas-benvenuto-en-su-primera-entrevista-despues-de-la-denuncia\/","title":{"rendered":"Jey Mammon le habl\u00f3 a Lucas Benvenuto en su primera entrevista despu\u00e9s de la denuncia"},"content":{"rendered":"<h3><strong>Si bien la nota completa se emitir\u00e1 este viernes, en Duro de Domar mostraron un adelanto donde el artista acusado de presunto abuso sexual se defiende.<\/strong><\/h3>\n<p>casi una semana que trascendiera una denuncia en su contra por supuesto abuso sexual contra\u00a0Lucas Benvenuto,\u00a0Jey Mammon\u00a0dio su palabra en una entrevista con\u00a0Jorge Rial\u00a0despu\u00e9s de haber publicado un comunicado por escrito y otro en video. La conversaci\u00f3n fue grabada durante la tarde de este jueves 30 en el domicilio del exconductor de\u00a0La Pe\u00f1a de Morfi\u00a0(Telefe) y se emitir\u00e1 de manera completa este viernes en\u00a0Argenzuela\u00a0(C5N).<\/p>\n<p>En\u00a0Duro de Domar\u00a0(C5N) adelantaron un fragmento de la larga entrevista con algunos textuales de quien naci\u00f3 como\u00a0Juan Mart\u00edn Rago. \u201cYo quiero contar c\u00f3mo estoy, por qu\u00e9 hace una semana no digo nada. Estoy en mi casa, ac\u00e1, como me ves. Mis amigos me visitan, me contienen, mi familia lo mismo. Estoy en shock, estoy paralizado. Tomo clonazepam todo el tiempo. La verdad es que estoy pasando, probablemente, el peor momento de mi vida\u201d, dijo Mammon.<\/p>\n<p>\u201cNo s\u00e9 qu\u00e9 va a pasar con mi vida. Pero s\u00ed s\u00e9 algo y es que estoy siendo el mismo que fui siempre. Yo soy esto. El que quiere, que me acompa\u00f1e. Y el que no, que se quede en el camino\u201d, se escucha de su boca en el mencionado adelanto.<\/p>\n<p>Adem\u00e1s, le envi\u00f3 un mensaje a\u00a0Benvenuto,\u00a0su presunta v\u00edctima. \u201cLe deseo de coraz\u00f3n que pueda sanar su alma. Y que, si dentro de lo que \u00e9l siente, de lo cual yo realmente no comparto, pero de lo que \u00e9l siente, que yo puedo ser parte de su da\u00f1o, lo abrazo\u201d.<\/p>\n<div style=\"width: 480px;\" class=\"wp-video\"><video class=\"wp-video-shortcode\" id=\"video-97361-1\" width=\"480\" height=\"270\" preload=\"metadata\" controls=\"controls\"><source type=\"video\/mp4\" src=\"https:\/\/www.cordobatimes.com\/showup\/wp-content\/uploads\/2023\/03\/EvgyVqDH-34105376.mp4?_=1\" \/><a href=\"https:\/\/www.cordobatimes.com\/showup\/wp-content\/uploads\/2023\/03\/EvgyVqDH-34105376.mp4\">https:\/\/www.cordobatimes.com\/showup\/wp-content\/uploads\/2023\/03\/EvgyVqDH-34105376.mp4<\/a><\/video><\/div>\n","protected":false},"excerpt":{"rendered":"<p>Si bien la nota completa se emitir\u00e1 este viernes, en Duro de Domar mostraron un adelanto donde el artista acusado de presunto abuso sexual se defiende. casi una semana que trascendiera una denuncia en su contra por supuesto abuso sexual contra\u00a0Lucas Benvenuto,\u00a0Jey Mammon\u00a0dio su palabra en una entrevista con\u00a0Jorge Rial\u00a0despu\u00e9s de haber publicado un comunicado [&hellip;]<\/p>\n","protected":false},"author":1,"featured_media":97362,"comment_status":"closed","ping_status":"closed","sticky":false,"template":"","format":"standard","meta":{"_seopress_robots_primary_cat":"","_seopress_titles_title":"","_seopress_titles_desc":"","_seopress_robots_index":"","footnotes":""},"categories":[2],"tags":[36643,36778,36641],"class_list":{"0":"post-97361","1":"post","2":"type-post","3":"status-publish","4":"format-standard","5":"has-post-thumbnail","7":"category-tv","8":"tag-caso-jey-mammon","9":"tag-entrevista-de-jey-mammon-con-jorge-rial","10":"tag-jey-mammon-lucas-benvenutto"},"_links":{"self":[{"href":"https:\/\/www.cordobatimes.com\/showup\/wp-json\/wp\/v2\/posts\/97361","targetHints":{"allow":["GET"]}}],"collection":[{"href":"https:\/\/www.cordobatimes.com\/showup\/wp-json\/wp\/v2\/posts"}],"about":[{"href":"https:\/\/www.cordobatimes.com\/showup\/wp-json\/wp\/v2\/types\/post"}],"author":[{"embeddable":true,"href":"https:\/\/www.cordobatimes.com\/showup\/wp-json\/wp\/v2\/users\/1"}],"replies":[{"embeddable":true,"href":"https:\/\/www.cordobatimes.com\/showup\/wp-json\/wp\/v2\/comments?post=97361"}],"version-history":[{"count":0,"href":"https:\/\/www.cordobatimes.com\/showup\/wp-json\/wp\/v2\/posts\/97361\/revisions"}],"wp:featuredmedia":[{"embeddable":true,"href":"https:\/\/www.cordobatimes.com\/showup\/wp-json\/wp\/v2\/media\/97362"}],"wp:attachment":[{"href":"https:\/\/www.cordobatimes.com\/showup\/wp-json\/wp\/v2\/media?parent=97361"}],"wp:term":[{"taxonomy":"category","embeddable":true,"href":"https:\/\/www.cordobatimes.com\/showup\/wp-json\/wp\/v2\/categories?post=97361"},{"taxonomy":"post_tag","embeddable":true,"href":"https:\/\/www.cordobatimes.com\/showup\/wp-json\/wp\/v2\/tags?post=97361"}],"curies":[{"name":"wp","href":"https:\/\/api.w.org\/{rel}","templated":true}]}}