{"id":97355,"date":"2023-03-30T20:08:10","date_gmt":"2023-03-30T23:08:10","guid":{"rendered":"https:\/\/www.cordobatimes.com\/showup\/?p=97355"},"modified":"2023-03-30T20:08:10","modified_gmt":"2023-03-30T23:08:10","slug":"jey-mammon-eligio-a-jorge-rial-para-ampliar-su-descargo","status":"publish","type":"post","link":"https:\/\/www.cordobatimes.com\/showup\/tv\/2023\/03\/30\/jey-mammon-eligio-a-jorge-rial-para-ampliar-su-descargo\/","title":{"rendered":"Jey Mammon eligi\u00f3 a Jorge Rial para ampliar su descargo"},"content":{"rendered":"<h3><strong>La exfigura de Telefe habl\u00f3 con el conductor de Argenzuela tras la denuncia de abuso sexual que enfrenta. En A la Tarde dieron a conocer la noticia.<\/strong><\/h3>\n<p>Hoy,\u00a0Jorge Rial\u00a0le brind\u00f3 un m\u00f3vil a\u00a0A la Tarde\u00a0(Am\u00e9rica Tv) y dio a conocer que entrevist\u00f3\u00a0a\u00a0Jey Mamm\u00f3n\u00a0tras las denuncias por abuso sexual que enfrenta. La entrevista\u00a0saldr\u00e1 al aire ma\u00f1ana, 31 de marzo.<\/p>\n<p>El reconocido conductor se present\u00f3 en el domicilio del actor junto a su equipo para grabar\u00a0la entrevista que saldr\u00eda \u201csin editar\u201d, seg\u00fan indic\u00f3 Rial, y\u00a0asegur\u00f3 que Jey \u201cno pidi\u00f3 nada a cambio\u201d\u00a0por la nota que le cedi\u00f3.<\/p>\n<p>Ante la consulta de los cronistas de c\u00f3mo fue programado el mano a mano, Jorge dijo:\u00a0\u201cFue la producci\u00f3n, excelente producci\u00f3n, profesionales que est\u00e1n detr\u00e1s de la noticia\u201d, a modo de desligarse.<\/p>\n<p>\u201c\u00bfPor qu\u00e9 te eligi\u00f3 a vos?\u201d, pregunt\u00f3 uno de ellos\u00a0y \u00e9l respondi\u00f3\u00a0tajante:\u00a0\u201cHay que preguntarle a \u00e9l. Calculo porque tratamos seriamente el tema\u201d. Sin embargo, despu\u00e9s sostuvo que fue elegido por \u00absus 35 a\u00f1os de carrera\u00bb.<\/p>\n<p>\u201cTu postura al aire fue bastante cr\u00edtica\u201d, le recordaron.\u00a0\u201cY lo sigue siendo. No es una cuesti\u00f3n de creer, es una cuesti\u00f3n de delito o no delito\u201d, sostuvo.\u00a0\u201c\u00bfEs delito?\u201d, repreguntaron\u00a0y Rial, sin dudar,\u00a0contest\u00f3:\u00a0\u201cS\u00ed, es delito. Est\u00e1 clar\u00edsimo chicos\u201d.<\/p>\n<blockquote class=\"twitter-tweet\">\n<p dir=\"ltr\" lang=\"es\">Reci\u00e9n termino un mano a mano muy intenso con <a href=\"https:\/\/twitter.com\/JEYMAMMON?ref_src=twsrc%5Etfw\">@JEYMAMMON<\/a>. Habl\u00f3 de todo. Su relaci\u00f3n con Lucas, la edad, la causa, su sexualidad, el medio y cierra con un mensaje a Lucas. Fuerte. Va a abrir una gran pol\u00e9mica. La ver\u00e1n ma\u00f1ana a las 15 en <a href=\"https:\/\/twitter.com\/hashtag\/Argenzuela?src=hash&amp;ref_src=twsrc%5Etfw\">#Argenzuela<\/a> por <a href=\"https:\/\/twitter.com\/C5N?ref_src=twsrc%5Etfw\">@C5N<\/a> <a href=\"https:\/\/t.co\/Z4qKyvTgUd\">pic.twitter.com\/Z4qKyvTgUd<\/a><\/p>\n<p>\u2014 JORGE RIAL (@rialjorge) <a href=\"https:\/\/twitter.com\/rialjorge\/status\/1641575146694627330?ref_src=twsrc%5Etfw\">March 30, 2023<\/a><\/p><\/blockquote>\n<p><script async src=\"https:\/\/platform.twitter.com\/widgets.js\" charset=\"utf-8\"><\/script><\/p>\n","protected":false},"excerpt":{"rendered":"<p>La exfigura de Telefe habl\u00f3 con el conductor de Argenzuela tras la denuncia de abuso sexual que enfrenta. En A la Tarde dieron a conocer la noticia. Hoy,\u00a0Jorge Rial\u00a0le brind\u00f3 un m\u00f3vil a\u00a0A la Tarde\u00a0(Am\u00e9rica Tv) y dio a conocer que entrevist\u00f3\u00a0a\u00a0Jey Mamm\u00f3n\u00a0tras las denuncias por abuso sexual que enfrenta. La entrevista\u00a0saldr\u00e1 al aire ma\u00f1ana, [&hellip;]<\/p>\n","protected":false},"author":1,"featured_media":97356,"comment_status":"closed","ping_status":"closed","sticky":false,"template":"","format":"standard","meta":{"_seopress_robots_primary_cat":"","_seopress_titles_title":"","_seopress_titles_desc":"","_seopress_robots_index":"","footnotes":""},"categories":[2],"tags":[36643,36640,36778],"class_list":{"0":"post-97355","1":"post","2":"type-post","3":"status-publish","4":"format-standard","5":"has-post-thumbnail","7":"category-tv","8":"tag-caso-jey-mammon","9":"tag-denuncia-a-jey-mammon","10":"tag-entrevista-de-jey-mammon-con-jorge-rial"},"_links":{"self":[{"href":"https:\/\/www.cordobatimes.com\/showup\/wp-json\/wp\/v2\/posts\/97355","targetHints":{"allow":["GET"]}}],"collection":[{"href":"https:\/\/www.cordobatimes.com\/showup\/wp-json\/wp\/v2\/posts"}],"about":[{"href":"https:\/\/www.cordobatimes.com\/showup\/wp-json\/wp\/v2\/types\/post"}],"author":[{"embeddable":true,"href":"https:\/\/www.cordobatimes.com\/showup\/wp-json\/wp\/v2\/users\/1"}],"replies":[{"embeddable":true,"href":"https:\/\/www.cordobatimes.com\/showup\/wp-json\/wp\/v2\/comments?post=97355"}],"version-history":[{"count":0,"href":"https:\/\/www.cordobatimes.com\/showup\/wp-json\/wp\/v2\/posts\/97355\/revisions"}],"wp:featuredmedia":[{"embeddable":true,"href":"https:\/\/www.cordobatimes.com\/showup\/wp-json\/wp\/v2\/media\/97356"}],"wp:attachment":[{"href":"https:\/\/www.cordobatimes.com\/showup\/wp-json\/wp\/v2\/media?parent=97355"}],"wp:term":[{"taxonomy":"category","embeddable":true,"href":"https:\/\/www.cordobatimes.com\/showup\/wp-json\/wp\/v2\/categories?post=97355"},{"taxonomy":"post_tag","embeddable":true,"href":"https:\/\/www.cordobatimes.com\/showup\/wp-json\/wp\/v2\/tags?post=97355"}],"curies":[{"name":"wp","href":"https:\/\/api.w.org\/{rel}","templated":true}]}}