{"id":97351,"date":"2023-03-30T18:07:29","date_gmt":"2023-03-30T21:07:29","guid":{"rendered":"https:\/\/www.cordobatimes.com\/showup\/?p=97351"},"modified":"2023-03-30T18:07:29","modified_gmt":"2023-03-30T21:07:29","slug":"jorge-rial-contra-luis-ventura-por-la-camara-oculta-a-marcelo-corazza","status":"publish","type":"post","link":"https:\/\/www.cordobatimes.com\/showup\/tv\/2023\/03\/30\/jorge-rial-contra-luis-ventura-por-la-camara-oculta-a-marcelo-corazza\/","title":{"rendered":"Jorge Rial  contra Luis Ventura por la c\u00e1mara oculta a Marcelo Corazza"},"content":{"rendered":"<h3><strong>El periodista apunt\u00f3 contra su excompa\u00f1ero y aclar\u00f3 una vez m\u00e1s de qu\u00e9 iba aquellas im\u00e1genes del primer Gran Hermano.<\/strong><\/h3>\n<p>Jorge Rial\u00a0desminti\u00f3 nuevamente la versi\u00f3n de\u00a0Luis Ventura\u00a0sobre la c\u00e1mara oculta que le hicieron a\u00a0Marcelo Corazza\u00a0y cuestion\u00f3 la responsabilidad que tendr\u00eda su compa\u00f1ero, si es real que ten\u00eda conocimientos de\u00a0que el primer ganador de\u00a0Gran Hermano\u00a0(Telefe) estaba involucrado en corrupci\u00f3n de menores.<\/p>\n<p>Al ser consultado por el cronista de\u00a0Socios del Espect\u00e1culo\u00a0(El Trece),\u00a0Tom\u00e1s D\u00edaz Cueto, sobre los dichos de\u00a0Ventura\u00a0sobre la c\u00e1mara oculta y la supuesta intenci\u00f3n de exponer la relaci\u00f3n que ten\u00eda\u00a0Corazza\u00a0con menores de edad,\u00a0Rial\u00a0afirma: \u00abEs mentira&#8230; Si vos sab\u00edas de un delito de corrupci\u00f3n de menores, sos c\u00f3mplice, claro que sos c\u00f3mplice. Yo no sab\u00eda eso y vamos a decir la verdad, esa c\u00e1mara sali\u00f3 solamente para escracharlo sexualmente\u00bb.<\/p>\n<p>De igual manera,\u00a0Jorge\u00a0hizo un mea culpa por exponer a\u00a0Corazza\u00a0de esa forma en aquel momento y fue enf\u00e1tico al asegurar que nunca se trat\u00f3 de una investigaci\u00f3n para desenmascarar una tema de abuso de menores: \u00abError nuestro, grav\u00edsimo error nuestro, que me arrepiento y lo dije quinientas veces, nunca se habl\u00f3 de corrupci\u00f3n de menores, nunca\u00bb.<\/p>\n<div style=\"width: 640px;\" class=\"wp-video\"><video class=\"wp-video-shortcode\" id=\"video-97351-1\" width=\"640\" height=\"360\" preload=\"metadata\" controls=\"controls\"><source type=\"video\/mp4\" src=\"https:\/\/www.cordobatimes.com\/showup\/wp-content\/uploads\/2023\/03\/Jorge-Rial-volvio-a-apuntar-contra-Ventura-en-la-causa-Mammon-por-abuso.mp4?_=1\" \/><a href=\"https:\/\/www.cordobatimes.com\/showup\/wp-content\/uploads\/2023\/03\/Jorge-Rial-volvio-a-apuntar-contra-Ventura-en-la-causa-Mammon-por-abuso.mp4\">https:\/\/www.cordobatimes.com\/showup\/wp-content\/uploads\/2023\/03\/Jorge-Rial-volvio-a-apuntar-contra-Ventura-en-la-causa-Mammon-por-abuso.mp4<\/a><\/video><\/div>\n<p>&nbsp;<\/p>\n","protected":false},"excerpt":{"rendered":"<p>El periodista apunt\u00f3 contra su excompa\u00f1ero y aclar\u00f3 una vez m\u00e1s de qu\u00e9 iba aquellas im\u00e1genes del primer Gran Hermano. Jorge Rial\u00a0desminti\u00f3 nuevamente la versi\u00f3n de\u00a0Luis Ventura\u00a0sobre la c\u00e1mara oculta que le hicieron a\u00a0Marcelo Corazza\u00a0y cuestion\u00f3 la responsabilidad que tendr\u00eda su compa\u00f1ero, si es real que ten\u00eda conocimientos de\u00a0que el primer ganador de\u00a0Gran Hermano\u00a0(Telefe) estaba [&hellip;]<\/p>\n","protected":false},"author":1,"featured_media":97352,"comment_status":"closed","ping_status":"closed","sticky":false,"template":"","format":"standard","meta":{"_seopress_robots_primary_cat":"","_seopress_titles_title":"","_seopress_titles_desc":"","_seopress_robots_index":"","footnotes":""},"categories":[2],"tags":[36574,36600,36575],"class_list":{"0":"post-97351","1":"post","2":"type-post","3":"status-publish","4":"format-standard","5":"has-post-thumbnail","7":"category-tv","8":"tag-camara-oculta-a-marcelo-corazza","9":"tag-caso-marcelo-corazza","10":"tag-jorge-rial-camara-oculta-a-marcelo-corazza"},"_links":{"self":[{"href":"https:\/\/www.cordobatimes.com\/showup\/wp-json\/wp\/v2\/posts\/97351","targetHints":{"allow":["GET"]}}],"collection":[{"href":"https:\/\/www.cordobatimes.com\/showup\/wp-json\/wp\/v2\/posts"}],"about":[{"href":"https:\/\/www.cordobatimes.com\/showup\/wp-json\/wp\/v2\/types\/post"}],"author":[{"embeddable":true,"href":"https:\/\/www.cordobatimes.com\/showup\/wp-json\/wp\/v2\/users\/1"}],"replies":[{"embeddable":true,"href":"https:\/\/www.cordobatimes.com\/showup\/wp-json\/wp\/v2\/comments?post=97351"}],"version-history":[{"count":0,"href":"https:\/\/www.cordobatimes.com\/showup\/wp-json\/wp\/v2\/posts\/97351\/revisions"}],"wp:featuredmedia":[{"embeddable":true,"href":"https:\/\/www.cordobatimes.com\/showup\/wp-json\/wp\/v2\/media\/97352"}],"wp:attachment":[{"href":"https:\/\/www.cordobatimes.com\/showup\/wp-json\/wp\/v2\/media?parent=97351"}],"wp:term":[{"taxonomy":"category","embeddable":true,"href":"https:\/\/www.cordobatimes.com\/showup\/wp-json\/wp\/v2\/categories?post=97351"},{"taxonomy":"post_tag","embeddable":true,"href":"https:\/\/www.cordobatimes.com\/showup\/wp-json\/wp\/v2\/tags?post=97351"}],"curies":[{"name":"wp","href":"https:\/\/api.w.org\/{rel}","templated":true}]}}