{"id":97339,"date":"2023-03-30T12:14:58","date_gmt":"2023-03-30T15:14:58","guid":{"rendered":"https:\/\/www.cordobatimes.com\/showup\/?p=97339"},"modified":"2023-03-30T12:14:58","modified_gmt":"2023-03-30T15:14:58","slug":"camila-la-hermana-de-thiago-mando-su-video-para-el-casting-de-gran-hermano-2023","status":"publish","type":"post","link":"https:\/\/www.cordobatimes.com\/showup\/internet\/2023\/03\/30\/camila-la-hermana-de-thiago-mando-su-video-para-el-casting-de-gran-hermano-2023\/","title":{"rendered":"Camila, la hermana de Thiago,  mando su video para el casting de Gran Hermano 2023"},"content":{"rendered":"<h3><strong>La joven, muy unida al exparticipante de\u00a0Gran Hermano 2022, comparti\u00f3 el clip que ya envi\u00f3 con la ilusi\u00f3n de entrar a la casa m\u00e1s famosa del pa\u00eds.<\/strong><\/h3>\n<p>A d\u00edas de que\u00a0Marcos\u00a0ganara\u00a0Gran Hermano 2022, se abri\u00f3 el casting para la\u00a0edici\u00f3n 2023. Y la hermana de\u00a0Thiago, participante del \u00faltimo\u00a0GH, ya\u00a0se postul\u00f3. S\u00ed,\u00a0Cami quiere entrar a la casa.<\/p>\n<p>\u00abCamila, la hermana de Thiago, ya mand\u00f3 su video para participar de Gran Hermano 2023\u00bb, cont\u00f3\u00a0Pampito\u00a0v\u00eda\u00a0Instagram, junto al\u00a0video de Cami present\u00e1ndose\u00a0y contando por qu\u00e9 seg\u00fan ella deber\u00eda ser convocada.<\/p>\n<div style=\"width: 480px;\" class=\"wp-video\"><video class=\"wp-video-shortcode\" id=\"video-97339-1\" width=\"480\" height=\"848\" preload=\"metadata\" controls=\"controls\"><source type=\"video\/mp4\" src=\"https:\/\/www.cordobatimes.com\/showup\/wp-content\/uploads\/2023\/03\/descarga-1-1.mp4?_=1\" \/><a href=\"https:\/\/www.cordobatimes.com\/showup\/wp-content\/uploads\/2023\/03\/descarga-1-1.mp4\">https:\/\/www.cordobatimes.com\/showup\/wp-content\/uploads\/2023\/03\/descarga-1-1.mp4<\/a><\/video><\/div>\n<p>&nbsp;<\/p>\n<p>\u00abMe llamo Camila, tengo 28 a\u00f1os y soy de Virrey del Pino&#8230; Me gustar\u00eda entrar a la casa de GH por la experiencia.\u00a0Soy divertida, aut\u00e9ntica, jodona, no me gusta la mala vibra&#8230; Quiero mostrarme tal cual soy\u00bb, cont\u00f3 Cami, mirando a c\u00e1mara.<\/p>\n<p>En el mismo clip,\u00a0Cami dej\u00f3 bien en claro que nada le importa lo que dicen de ella.<\/p>\n<p>\u00abNo me importa lo que la gente opine de m\u00ed&#8230;\u00a0Si soy gorda o flaca, me amo y muestro c\u00f3mo soy&#8230;\u00a0Amo que la otra gente se refleje en m\u00ed porque hay mucha gente que no se quiere. Sinceramente, soy una carita bonita&#8230;\u00a0Me gusta bailar, joder, estar en familia y me encantar\u00eda vivir esta experiencia\u00bb, cerr\u00f3 Cami, buena onda.<\/p>\n","protected":false},"excerpt":{"rendered":"<p>La joven, muy unida al exparticipante de\u00a0Gran Hermano 2022, comparti\u00f3 el clip que ya envi\u00f3 con la ilusi\u00f3n de entrar a la casa m\u00e1s famosa del pa\u00eds. A d\u00edas de que\u00a0Marcos\u00a0ganara\u00a0Gran Hermano 2022, se abri\u00f3 el casting para la\u00a0edici\u00f3n 2023. Y la hermana de\u00a0Thiago, participante del \u00faltimo\u00a0GH, ya\u00a0se postul\u00f3. S\u00ed,\u00a0Cami quiere entrar a la casa. [&hellip;]<\/p>\n","protected":false},"author":1,"featured_media":97340,"comment_status":"closed","ping_status":"closed","sticky":false,"template":"","format":"standard","meta":{"_seopress_robots_primary_cat":"","_seopress_titles_title":"","_seopress_titles_desc":"","_seopress_robots_index":"","footnotes":""},"categories":[22956],"tags":[36769,36771,36770],"class_list":{"0":"post-97339","1":"post","2":"type-post","3":"status-publish","4":"format-standard","5":"has-post-thumbnail","7":"category-internet","8":"tag-camila-la-hermana-de-thiago","9":"tag-casting-de-gran-hermano-2023","10":"tag-hermana-de-thiago-casting-de-gran-hermano-2023"},"_links":{"self":[{"href":"https:\/\/www.cordobatimes.com\/showup\/wp-json\/wp\/v2\/posts\/97339","targetHints":{"allow":["GET"]}}],"collection":[{"href":"https:\/\/www.cordobatimes.com\/showup\/wp-json\/wp\/v2\/posts"}],"about":[{"href":"https:\/\/www.cordobatimes.com\/showup\/wp-json\/wp\/v2\/types\/post"}],"author":[{"embeddable":true,"href":"https:\/\/www.cordobatimes.com\/showup\/wp-json\/wp\/v2\/users\/1"}],"replies":[{"embeddable":true,"href":"https:\/\/www.cordobatimes.com\/showup\/wp-json\/wp\/v2\/comments?post=97339"}],"version-history":[{"count":0,"href":"https:\/\/www.cordobatimes.com\/showup\/wp-json\/wp\/v2\/posts\/97339\/revisions"}],"wp:featuredmedia":[{"embeddable":true,"href":"https:\/\/www.cordobatimes.com\/showup\/wp-json\/wp\/v2\/media\/97340"}],"wp:attachment":[{"href":"https:\/\/www.cordobatimes.com\/showup\/wp-json\/wp\/v2\/media?parent=97339"}],"wp:term":[{"taxonomy":"category","embeddable":true,"href":"https:\/\/www.cordobatimes.com\/showup\/wp-json\/wp\/v2\/categories?post=97339"},{"taxonomy":"post_tag","embeddable":true,"href":"https:\/\/www.cordobatimes.com\/showup\/wp-json\/wp\/v2\/tags?post=97339"}],"curies":[{"name":"wp","href":"https:\/\/api.w.org\/{rel}","templated":true}]}}