{"id":97320,"date":"2023-03-30T10:29:51","date_gmt":"2023-03-30T13:29:51","guid":{"rendered":"https:\/\/www.cordobatimes.com\/showup\/?p=97320"},"modified":"2023-03-30T10:29:51","modified_gmt":"2023-03-30T13:29:51","slug":"el-mensaje-de-lucas-benvenuto-despues-del-descargo-de-jey-mammon","status":"publish","type":"post","link":"https:\/\/www.cordobatimes.com\/showup\/famosos\/2023\/03\/30\/el-mensaje-de-lucas-benvenuto-despues-del-descargo-de-jey-mammon\/","title":{"rendered":"El mensaje de Lucas Benvenuto despu\u00e9s del descargo de Jey Mammon"},"content":{"rendered":"<h3><strong>Este mi\u00e9rcoles a la tarde, Jey public\u00f3 un video. Horas despu\u00e9s, Lucas eligi\u00f3 una terrible frase para subir a su Instagram.<\/strong><\/h3>\n<p>Jey Mammon rompi\u00f3 el silencio\u00a0una semana despu\u00e9s de que\u00a0Lucas Benvenuto contara que en el 2020 denunci\u00f3 al conductor\u00a0por abuso sexual.\u00a0Este mi\u00e9rcoles 29 de marzo, a la tarde, Jey Mammon\u00a0public\u00f3 un video\u00a0en su cuenta de Instagram\u00a0dando su versi\u00f3n de todo lo sucedido.<\/p>\n<p>Un rato despu\u00e9s,\u00a0el abogado de Lucas, Javier Moral, explic\u00f3 que con su cliente est\u00e1n preparando un escrito para presentar en la Justicia.<\/p>\n<p>Y en su cuenta de Instagram, Lucas Benvenuto se manifest\u00f3\u00a0luego de escuchar el descargo de Jey.\u00a0\u201cSi no hubiera creado mi propio mundo, hubiera muerto en el otro\u201d, fue la frase que eligi\u00f3 el joven para graficar el momento que vive.<\/p>\n<p><img alt=\"\" loading=\"lazy\" decoding=\"async\" class=\"alignnone wp-image-97322 size-full\" src=\"https:\/\/www.cordobatimes.com\/showup\/wp-content\/uploads\/2023\/03\/Pantallazo-30-03-2023-10.27.34.jpg\" alt=\"\" width=\"478\" height=\"811\" srcset=\"https:\/\/www.cordobatimes.com\/showup\/wp-content\/uploads\/2023\/03\/Pantallazo-30-03-2023-10.27.34.jpg 478w, https:\/\/www.cordobatimes.com\/showup\/wp-content\/uploads\/2023\/03\/Pantallazo-30-03-2023-10.27.34-248x420.jpg 248w\" sizes=\"auto, (max-width: 478px) 100vw, 478px\" \/><\/p>\n","protected":false},"excerpt":{"rendered":"<p>Este mi\u00e9rcoles a la tarde, Jey public\u00f3 un video. Horas despu\u00e9s, Lucas eligi\u00f3 una terrible frase para subir a su Instagram. Jey Mammon rompi\u00f3 el silencio\u00a0una semana despu\u00e9s de que\u00a0Lucas Benvenuto contara que en el 2020 denunci\u00f3 al conductor\u00a0por abuso sexual.\u00a0Este mi\u00e9rcoles 29 de marzo, a la tarde, Jey Mammon\u00a0public\u00f3 un video\u00a0en su cuenta de [&hellip;]<\/p>\n","protected":false},"author":1,"featured_media":97321,"comment_status":"closed","ping_status":"closed","sticky":false,"template":"","format":"standard","meta":{"_seopress_robots_primary_cat":"","_seopress_titles_title":"","_seopress_titles_desc":"","_seopress_robots_index":"","footnotes":""},"categories":[4],"tags":[36643,36640,36747,36641],"class_list":{"0":"post-97320","1":"post","2":"type-post","3":"status-publish","4":"format-standard","5":"has-post-thumbnail","7":"category-famosos","8":"tag-caso-jey-mammon","9":"tag-denuncia-a-jey-mammon","10":"tag-descargo-de-jey-mammon","11":"tag-jey-mammon-lucas-benvenutto"},"_links":{"self":[{"href":"https:\/\/www.cordobatimes.com\/showup\/wp-json\/wp\/v2\/posts\/97320","targetHints":{"allow":["GET"]}}],"collection":[{"href":"https:\/\/www.cordobatimes.com\/showup\/wp-json\/wp\/v2\/posts"}],"about":[{"href":"https:\/\/www.cordobatimes.com\/showup\/wp-json\/wp\/v2\/types\/post"}],"author":[{"embeddable":true,"href":"https:\/\/www.cordobatimes.com\/showup\/wp-json\/wp\/v2\/users\/1"}],"replies":[{"embeddable":true,"href":"https:\/\/www.cordobatimes.com\/showup\/wp-json\/wp\/v2\/comments?post=97320"}],"version-history":[{"count":0,"href":"https:\/\/www.cordobatimes.com\/showup\/wp-json\/wp\/v2\/posts\/97320\/revisions"}],"wp:featuredmedia":[{"embeddable":true,"href":"https:\/\/www.cordobatimes.com\/showup\/wp-json\/wp\/v2\/media\/97321"}],"wp:attachment":[{"href":"https:\/\/www.cordobatimes.com\/showup\/wp-json\/wp\/v2\/media?parent=97320"}],"wp:term":[{"taxonomy":"category","embeddable":true,"href":"https:\/\/www.cordobatimes.com\/showup\/wp-json\/wp\/v2\/categories?post=97320"},{"taxonomy":"post_tag","embeddable":true,"href":"https:\/\/www.cordobatimes.com\/showup\/wp-json\/wp\/v2\/tags?post=97320"}],"curies":[{"name":"wp","href":"https:\/\/api.w.org\/{rel}","templated":true}]}}