{"id":97314,"date":"2023-03-30T09:46:58","date_gmt":"2023-03-30T12:46:58","guid":{"rendered":"https:\/\/www.cordobatimes.com\/showup\/?p=97314"},"modified":"2023-03-30T09:46:58","modified_gmt":"2023-03-30T12:46:58","slug":"fernando-burlando-hablo-sobre-la-denuncia-contra-jey-mammon","status":"publish","type":"post","link":"https:\/\/www.cordobatimes.com\/showup\/famosos\/2023\/03\/30\/fernando-burlando-hablo-sobre-la-denuncia-contra-jey-mammon\/","title":{"rendered":"Fernando Burlando habl\u00f3 sobre la denuncia contra Jey Mamm\u00f3n"},"content":{"rendered":"<h3><strong>El abogado asegur\u00f3 que siempre hubo consentimiento en la relaci\u00f3n entre el conductor y Lucas Benvenuto.<\/strong><\/h3>\n<p>Tras el video que difundi\u00f3\u00a0Jey Mammon\u00a0para intentar limpiar su nombre tras la denuncia por presunto abuso sexual que le realiz\u00f3 Lucas Benvenuto, el abogado Fernando Burlando rompi\u00f3 el silencio sobre el tema y dio una extensa nota a\u00a0LAM (Am\u00e9rica).\u00a0En di\u00e1logo con el ciclo que conduce\u00a0\u00c1ngel de Brito,\u00a0el letrado explic\u00f3 que estuvo a cargo de la defensa del famoso en 2020 cuando la Justicia determin\u00f3 que la causa prescribi\u00f3.<\/p>\n<p>\u201cInfinidad de causas se definen as\u00ed. No le permite al interesado, que en ese caso era Jey, mostrar el tenor de sus palabras\u201d, manifest\u00f3. Adem\u00e1s, desestim\u00f3 la acusaci\u00f3n y utiliz\u00f3 los mismos argumentos que expuso el conductor y m\u00fasico en el video que comparti\u00f3 en su cuenta de Instagram: negar que haya ocurrido una violaci\u00f3n, remarcar que siempre hubo consentimiento durante la relaci\u00f3n e insistir en que el v\u00ednculo empez\u00f3 cuando el denunciante ten\u00eda 16 a\u00f1os.<\/p>\n<p>\u201cEn esa investigaci\u00f3n constatamos algo que tiene que ver con el orden p\u00fablico: el transcurso del tiempo. Es decir que, cuando pasa determinado tiempo, la acci\u00f3n se puede extinguir. Infinidad de causas se definen as\u00ed y no le permiten al interesado, que en ese caso era Jey, mostrar el tenor de sus palabras. No se puede formalmente formar una opini\u00f3n porque no hay pruebas, lo \u00fanico que hay es una denuncia. Es una cuesti\u00f3n de orden p\u00fablico, que est\u00e1 por encima de todo. La Justicia no hizo anda mal, tiene que decidir as\u00ed\u201d, explic\u00f3 Burlando.<\/p>\n<p>Luego apunt\u00f3 contra la prensa: \u201cHubo situaciones que el periodismo debi\u00f3 atender. Por ejemplo, en la causa se habla de la edad, y si ves el video vas a ver que ten\u00eda 16 a\u00f1os. En la fiesta que es donde lo conoce a Jey, solamente hubo un intercambio de palabras. Eso fue todo lo que sucedi\u00f3. Hay testigos que dicen algo totalmente opuesto a lo que dice la denuncia\u201d.<\/p>\n<p>\u201cSi vos constat\u00e1s la fecha de ese video y ten\u00e9s en cuenta la edad de qui\u00e9n denuncia, en ese momento, no ten\u00eda 14 a\u00f1os, ten\u00eda 16. Qu\u00e9 otra medida hubiese sido interesante desde el punto de vista period\u00edstico: todo el mundo se presume inocente hasta que la Justicia prueba lo contrario\u201d, continu\u00f3 el abogado que no dej\u00f3 en claro si seguir\u00e1 defendiendo al acusado.<\/p>\n<p>\u201cSi el tema da, porque es Jey y acapara la agenda de todos los programas, personalmente hubiese ido con esos testigos. As\u00ed, antes de emitir cualquier tipo de opini\u00f3n, ya que es contundente la palabra de ustedes (los medios), lo que pasa es que generan categ\u00f3ricamente una definici\u00f3n. Tambi\u00e9n se refirieron a un tuit en el que \u00e9l habla de una situaci\u00f3n. Si constatan la fecha de ese tuit, van a ver que lo esgrime cuando el denunciante ya ten\u00eda 19 a\u00f1os\u201d, sostuvo.<\/p>\n<p>A su vez, sostuvo que\u00a0Lucas Benvenuto\u00a0\u201ces una criatura con muchos problemas\u201d. \u201cPero eso no tiene nada que ver con Jey, que quiere limpiar algo de todo lo que esta informaci\u00f3n gener\u00f3. Para Jey es m\u00e1s doloroso todo lo que est\u00e1n diciendo los medios de comunicaci\u00f3n y lo que est\u00e1 diciendo la gente. No hay trabajo para realizar porque mi tarea se termin\u00f3 hace dos a\u00f1os\u201d, remarc\u00f3.<\/p>\n<p>\u201cJey lo que quiere hoy es que fluya la verdad, generar contenido jur\u00eddico para que el d\u00eda de ma\u00f1ana se prueba que lo que dice sobre la relaci\u00f3n quedes plasmado. \u00c9l tuvo una relaci\u00f3n con Lucas, una relaci\u00f3n en la que hab\u00eda familiares que conoc\u00edan la relaci\u00f3n. Ellos caminaban de la mano\u201d, sigui\u00f3.<\/p>\n<p>\u201cPor qu\u00e9 si (Lucas) se equivoc\u00f3 en el tema de la edad, por qu\u00e9 tengo que creer en el resto de sus palabras. Si habl\u00e1s con los testigos de esa noche, la verdad va a fluir. Me gusta poner las cosas por su verdadero nombre, por eso vamos a ir por un Juicio a la Verdad\u201d, complet\u00f3 Fernando Burlando en la nota que se realiz\u00f3 luego de que este mi\u00e9rcoles\u00a0Jey Mammon\u00a0saliera a defenderse de la acusaci\u00f3n de Benvenuto, una semana despu\u00e9s de que saliera a la luz medi\u00e1ticamente la denuncia.<\/p>\n<p><iframe loading=\"lazy\" width=\"560\" height=\"315\" src=\"https:\/\/www.youtube.com\/embed\/Xk9IYQE4WGo\" title=\"YouTube video player\" frameborder=\"0\" allow=\"accelerometer; autoplay; clipboard-write; encrypted-media; gyroscope; picture-in-picture; web-share\" allowfullscreen><\/iframe><\/p>\n","protected":false},"excerpt":{"rendered":"<p>El abogado asegur\u00f3 que siempre hubo consentimiento en la relaci\u00f3n entre el conductor y Lucas Benvenuto. Tras el video que difundi\u00f3\u00a0Jey Mammon\u00a0para intentar limpiar su nombre tras la denuncia por presunto abuso sexual que le realiz\u00f3 Lucas Benvenuto, el abogado Fernando Burlando rompi\u00f3 el silencio sobre el tema y dio una extensa nota a\u00a0LAM (Am\u00e9rica).\u00a0En [&hellip;]<\/p>\n","protected":false},"author":1,"featured_media":97029,"comment_status":"closed","ping_status":"closed","sticky":false,"template":"","format":"standard","meta":{"_seopress_robots_primary_cat":"","_seopress_titles_title":"","_seopress_titles_desc":"","_seopress_robots_index":"","footnotes":""},"categories":[4],"tags":[36643,36640,36757,36758],"class_list":{"0":"post-97314","1":"post","2":"type-post","3":"status-publish","4":"format-standard","5":"has-post-thumbnail","7":"category-famosos","8":"tag-caso-jey-mammon","9":"tag-denuncia-a-jey-mammon","10":"tag-denuncia-contra-jey-mammon","11":"tag-jey-mammon-fernando-burlando"},"_links":{"self":[{"href":"https:\/\/www.cordobatimes.com\/showup\/wp-json\/wp\/v2\/posts\/97314","targetHints":{"allow":["GET"]}}],"collection":[{"href":"https:\/\/www.cordobatimes.com\/showup\/wp-json\/wp\/v2\/posts"}],"about":[{"href":"https:\/\/www.cordobatimes.com\/showup\/wp-json\/wp\/v2\/types\/post"}],"author":[{"embeddable":true,"href":"https:\/\/www.cordobatimes.com\/showup\/wp-json\/wp\/v2\/users\/1"}],"replies":[{"embeddable":true,"href":"https:\/\/www.cordobatimes.com\/showup\/wp-json\/wp\/v2\/comments?post=97314"}],"version-history":[{"count":0,"href":"https:\/\/www.cordobatimes.com\/showup\/wp-json\/wp\/v2\/posts\/97314\/revisions"}],"wp:featuredmedia":[{"embeddable":true,"href":"https:\/\/www.cordobatimes.com\/showup\/wp-json\/wp\/v2\/media\/97029"}],"wp:attachment":[{"href":"https:\/\/www.cordobatimes.com\/showup\/wp-json\/wp\/v2\/media?parent=97314"}],"wp:term":[{"taxonomy":"category","embeddable":true,"href":"https:\/\/www.cordobatimes.com\/showup\/wp-json\/wp\/v2\/categories?post=97314"},{"taxonomy":"post_tag","embeddable":true,"href":"https:\/\/www.cordobatimes.com\/showup\/wp-json\/wp\/v2\/tags?post=97314"}],"curies":[{"name":"wp","href":"https:\/\/api.w.org\/{rel}","templated":true}]}}