{"id":97303,"date":"2023-03-29T19:06:22","date_gmt":"2023-03-29T22:06:22","guid":{"rendered":"https:\/\/www.cordobatimes.com\/showup\/?p=97303"},"modified":"2023-03-29T19:06:22","modified_gmt":"2023-03-29T22:06:22","slug":"angel-de-brito-expuso-el-grave-fallido-de-jey-mammon-en-su-descargo-grabado","status":"publish","type":"post","link":"https:\/\/www.cordobatimes.com\/showup\/famosos\/2023\/03\/29\/angel-de-brito-expuso-el-grave-fallido-de-jey-mammon-en-su-descargo-grabado\/","title":{"rendered":"\u00c1ngel de Brito expuso el grave fallido de Jey Mamm\u00f3n en su descargo grabado"},"content":{"rendered":"<h3><strong>El conductor llevar\u00e1 adelante un proceso legal para limpiar su imagen tras ser denunciado por abuso sexual por Lucas Benvenuto.<\/strong><\/h3>\n<p>Despu\u00e9s de una semana,\u00a0Jey Mamm\u00f3n grab\u00f3 un descargo para defenderse de la acusaci\u00f3n de\u00a0Lucas Benvenuto por abuso sexual. En el medio de su alegato p\u00fablico, donde neg\u00f3 los hechos y se justific\u00f3 al decir que \u00abten\u00eda 16, no 14\u00bb,\u00a0cometi\u00f3 un fallido gramatical\u00a0grave al referirse a\u00a0\u00abel Juicio a la verdad\u00bb.<\/p>\n<h3><strong>\u00bfQu\u00e9 dijo Jey Mam\u00f3n en el video?<\/strong><\/h3>\n<p>En una parte del video que grab\u00f3, de una duraci\u00f3n de 7.33 minutos,\u00a0Jey Mamm\u00f3n\u00a0dijo: \u00abMiren yo entiendo que Lucas necesita evidentemente sanar su historia, pero no es acus\u00e1ndome a m\u00ed de cosas que no son ciertas, no es el sanar su historia acus\u00e1ndome de cosas que yo no hice, no es as\u00ed. Yo no quiero arreglo, ni pacto entre las partes, yo esto quiero dejarlo bien en claro, no quiero un pacto, no quiero un arreglo, no quiero nada de eso\u00bb.<\/p>\n<p>\u00abEl da\u00f1o que a m\u00ed se me est\u00e1 haciendo es tan enorme, es tan enorme, que yo no quiero, necesito el juicio a la verdad, lo necesito y los elementos est\u00e1n para que yo lo pueda llevar acabo. Yo lo necesito, yo necesito recuperar mi vida, as\u00ed de simple como se los digo. Gracias\u00bb, concluy\u00f3\u00a0Juan Mart\u00edn Rago, nombre real de Jey.<\/p>\n<p><img alt=\"\" loading=\"lazy\" decoding=\"async\" class=\"alignnone size-medium wp-image-97304\" src=\"https:\/\/www.cordobatimes.com\/showup\/wp-content\/uploads\/2023\/03\/Pantallazo-29-03-2023-18.55.44-750x389.jpg\" alt=\"\" width=\"750\" height=\"389\" srcset=\"https:\/\/www.cordobatimes.com\/showup\/wp-content\/uploads\/2023\/03\/Pantallazo-29-03-2023-18.55.44-750x389.jpg 750w, https:\/\/www.cordobatimes.com\/showup\/wp-content\/uploads\/2023\/03\/Pantallazo-29-03-2023-18.55.44-1024x532.jpg 1024w, https:\/\/www.cordobatimes.com\/showup\/wp-content\/uploads\/2023\/03\/Pantallazo-29-03-2023-18.55.44-760x395.jpg 760w, https:\/\/www.cordobatimes.com\/showup\/wp-content\/uploads\/2023\/03\/Pantallazo-29-03-2023-18.55.44-768x399.jpg 768w, https:\/\/www.cordobatimes.com\/showup\/wp-content\/uploads\/2023\/03\/Pantallazo-29-03-2023-18.55.44-696x361.jpg 696w, https:\/\/www.cordobatimes.com\/showup\/wp-content\/uploads\/2023\/03\/Pantallazo-29-03-2023-18.55.44-1068x555.jpg 1068w, https:\/\/www.cordobatimes.com\/showup\/wp-content\/uploads\/2023\/03\/Pantallazo-29-03-2023-18.55.44-809x420.jpg 809w, https:\/\/www.cordobatimes.com\/showup\/wp-content\/uploads\/2023\/03\/Pantallazo-29-03-2023-18.55.44.jpg 1119w\" sizes=\"auto, (max-width: 750px) 100vw, 750px\" \/><\/p>\n<h3><strong>\u00bfQu\u00e9 es el Juicio por la verdad?<\/strong><\/h3>\n<p>El Juicio por la verdad es un\u00a0procedimiento judicial\u00a0sin efectos penales. Este proceso tuvo\u00a0como objetivo averiguar qu\u00e9 sucedi\u00f3 con las personas detenidas-desaparecidas durante la dictadura c\u00edvico-militar (1976-1983) y determinar qui\u00e9nes fueron los responsables de los cr\u00edmenes.<\/p>\n<p>Estos juicios sin efectos penales surgieron a ra\u00edz de una presentaci\u00f3n de la Asamblea Permanente de Derechos Humanos (APDH) &#8211; La Plata, realizada en 1998.<\/p>\n<p>\u00abSe busca confirmar los hechos como efectivamente sucedidos, identificando sus circunstancias y a sus protagonistas. En los procesos judiciales, esa verdad permite la tipificaci\u00f3n de los cr\u00edmenes y la sentencia seg\u00fan el grado de participaci\u00f3n en los delitos. Lograr la verdad\u00a0y hacer justicia\u00a0contribuye a la reparaci\u00f3n psicol\u00f3gica y moral de las v\u00edctimas\u00bb.<\/p>\n","protected":false},"excerpt":{"rendered":"<p>El conductor llevar\u00e1 adelante un proceso legal para limpiar su imagen tras ser denunciado por abuso sexual por Lucas Benvenuto. Despu\u00e9s de una semana,\u00a0Jey Mamm\u00f3n grab\u00f3 un descargo para defenderse de la acusaci\u00f3n de\u00a0Lucas Benvenuto por abuso sexual. En el medio de su alegato p\u00fablico, donde neg\u00f3 los hechos y se justific\u00f3 al decir que [&hellip;]<\/p>\n","protected":false},"author":1,"featured_media":97089,"comment_status":"closed","ping_status":"closed","sticky":false,"template":"","format":"standard","meta":{"_seopress_robots_primary_cat":"","_seopress_titles_title":"","_seopress_titles_desc":"","_seopress_robots_index":"","footnotes":""},"categories":[4],"tags":[36643,36640,36747,36749,36750,36641],"class_list":{"0":"post-97303","1":"post","2":"type-post","3":"status-publish","4":"format-standard","5":"has-post-thumbnail","7":"category-famosos","8":"tag-caso-jey-mammon","9":"tag-denuncia-a-jey-mammon","10":"tag-descargo-de-jey-mammon","11":"tag-fallido-de-jey-mammon-en-su-descargo-grabado","12":"tag-jey-mammon-en-su-descargo-grabado","13":"tag-jey-mammon-lucas-benvenutto"},"_links":{"self":[{"href":"https:\/\/www.cordobatimes.com\/showup\/wp-json\/wp\/v2\/posts\/97303","targetHints":{"allow":["GET"]}}],"collection":[{"href":"https:\/\/www.cordobatimes.com\/showup\/wp-json\/wp\/v2\/posts"}],"about":[{"href":"https:\/\/www.cordobatimes.com\/showup\/wp-json\/wp\/v2\/types\/post"}],"author":[{"embeddable":true,"href":"https:\/\/www.cordobatimes.com\/showup\/wp-json\/wp\/v2\/users\/1"}],"replies":[{"embeddable":true,"href":"https:\/\/www.cordobatimes.com\/showup\/wp-json\/wp\/v2\/comments?post=97303"}],"version-history":[{"count":0,"href":"https:\/\/www.cordobatimes.com\/showup\/wp-json\/wp\/v2\/posts\/97303\/revisions"}],"wp:featuredmedia":[{"embeddable":true,"href":"https:\/\/www.cordobatimes.com\/showup\/wp-json\/wp\/v2\/media\/97089"}],"wp:attachment":[{"href":"https:\/\/www.cordobatimes.com\/showup\/wp-json\/wp\/v2\/media?parent=97303"}],"wp:term":[{"taxonomy":"category","embeddable":true,"href":"https:\/\/www.cordobatimes.com\/showup\/wp-json\/wp\/v2\/categories?post=97303"},{"taxonomy":"post_tag","embeddable":true,"href":"https:\/\/www.cordobatimes.com\/showup\/wp-json\/wp\/v2\/tags?post=97303"}],"curies":[{"name":"wp","href":"https:\/\/api.w.org\/{rel}","templated":true}]}}