{"id":97290,"date":"2023-03-29T16:34:05","date_gmt":"2023-03-29T19:34:05","guid":{"rendered":"https:\/\/www.cordobatimes.com\/showup\/?p=97290"},"modified":"2023-03-29T18:12:07","modified_gmt":"2023-03-29T21:12:07","slug":"jey-mammon-y-su-descargo-tras-la-denuncia-de-abuso-sexual-yo-no-viole-a-nadie","status":"publish","type":"post","link":"https:\/\/www.cordobatimes.com\/showup\/famosos\/2023\/03\/29\/jey-mammon-y-su-descargo-tras-la-denuncia-de-abuso-sexual-yo-no-viole-a-nadie\/","title":{"rendered":"Jey Mamm\u00f3n y  su descargo tras la denuncia de abuso sexual: \u201cYo no viol\u00e9 a nadie\u201d"},"content":{"rendered":"<h3><strong>El humorista y conductor, en un video que comparti\u00f3 en sus redes sociales, asegur\u00f3 que est\u00e1 viviendo \u201cel peor momento de mi vida.\u00bb<\/strong><\/h3>\n<p class=\"paragraph\" data-mrf-recirculation=\"Links inline\">A casi una semana que trascendiera una denuncia en su contra por supuesto abuso sexual,\u00a0<b>Jey Mammon<\/b>\u00a0se expres\u00f3 p\u00fablicamente en su cuenta de Instagram. El conductor, que hasta el momento solo se hab\u00eda manifestado mediante un comunicado escrito, subi\u00f3 un video a sus redes sociales dando su versi\u00f3n de los hechos.<\/p>\n<p class=\"paragraph\" data-mrf-recirculation=\"Links inline\">\u201cEstoy atravesando quiz\u00e1s, el peor momento de mi vida. Los niveles de angustia que estoy viviendo no los experiment\u00e9 nunca y lo que estoy sintiendo no sabia que se pod\u00eda sentir, que una persona pod\u00eda experimentar lo que estoy experimentando. Es nuevo para m\u00ed\u201d, se\u00f1al\u00f3 al comienzo de la filmaci\u00f3n.<\/p>\n<div class=\"inline ad-wrapper\">\n<div class=\"dfpAd ad-inline\">\n<div id=\"infobae\/teleshow\/nota\/inline\" class=\"infobae\/teleshow\/nota\/inline arcad\" data-google-query-id=\"CP-lweWDgv4CFZgDuQYda3UAbA\">\n<div id=\"google_ads_iframe_\/1058609\/infobae\/teleshow\/nota\/inline_0__container__\"><iframe id=\"google_ads_iframe_\/1058609\/infobae\/teleshow\/nota\/inline_0\" tabindex=\"0\" title=\"3rd party ad content\" role=\"region\" name=\"google_ads_iframe_\/1058609\/infobae\/teleshow\/nota\/inline_0\" width=\"1\" height=\"1\" frameborder=\"0\" marginwidth=\"0\" marginheight=\"0\" scrolling=\"no\" aria-label=\"Advertisement\" data-load-complete=\"true\" data-google-container-id=\"7\" data-mce-fragment=\"1\"><\/iframe><\/div>\n<\/div>\n<\/div>\n<\/div>\n<p class=\"paragraph\" data-mrf-recirculation=\"Links inline\">\u201cEs por eso que hace una semana m\u00e1s o menos que tengo una imperiosa necesidad de salir a gritar. No a decir, quiero salir a gritar por todos lados lo que les voy a decir. Pero no me sale, no puedo, no tengo las fuerzas. Estoy en esta silla que no me puedo ni parar\u201d, continu\u00f3 el presentador de\u00a0<i>La Pe\u00f1a de Morfi<\/i>.<\/p>\n<p class=\"paragraph\" data-mrf-recirculation=\"Links inline\">\u201cYo no viol\u00e9, yo no abus\u00e9, yo no drogu\u00e9 a ninguna persona. Jam\u00e1s. Nunca en mi vida, ni lo hice, ni lo har\u00eda, ni lo voy a hacer. Lo niego rotundamente. Estamos hablando de un nene de 14 a\u00f1os, esto es lo importante\u201d, a\u00f1adi\u00f3, antes de relatar su versi\u00f3n sobre el encuentro con<b>\u00a0Lucas Benvenuto<\/b>, quien realiz\u00f3 la denuncia.<\/p>\n<p class=\"paragraph\" data-mrf-recirculation=\"Links inline\">\u201cAhora, para entender un poco m\u00e1s las cosas, necesito seguir profundizando. Y necesito que me sigan escuchando. Por favor, yo a Lucas lo conozco. No voy a decir \u2018no s\u00e9 qui\u00e9n es, lo desconozco\u2019. A Lucas lo conoc\u00ed el 25 de abril de 2009. \u00c9l dice que me vio, y dice que ten\u00eda 14 a\u00f1os. \u00c9l en esa fiesta ten\u00eda 16, ah\u00ed nos conocimos, intercambiamos algunas palabras. Hay testigos, hay videos, se puede probar esto que estoy diciendo\u201d, afirm\u00f3 el conductor en el video que dura 7 minutos.<\/p>\n<div style=\"width: 696px;\" class=\"wp-video\"><video class=\"wp-video-shortcode\" id=\"video-97290-1\" width=\"696\" height=\"392\" preload=\"metadata\" controls=\"controls\"><source type=\"video\/mp4\" src=\"https:\/\/www.cordobatimes.com\/showup\/wp-content\/uploads\/2023\/03\/Snapinsta.app_video_10000000_182243347908276_6799002088582876726_n.mp4?_=1\" \/><a href=\"https:\/\/www.cordobatimes.com\/showup\/wp-content\/uploads\/2023\/03\/Snapinsta.app_video_10000000_182243347908276_6799002088582876726_n.mp4\">https:\/\/www.cordobatimes.com\/showup\/wp-content\/uploads\/2023\/03\/Snapinsta.app_video_10000000_182243347908276_6799002088582876726_n.mp4<\/a><\/video><\/div>\n<p>&nbsp;<\/p>\n","protected":false},"excerpt":{"rendered":"<p>El humorista y conductor, en un video que comparti\u00f3 en sus redes sociales, asegur\u00f3 que est\u00e1 viviendo \u201cel peor momento de mi vida.\u00bb A casi una semana que trascendiera una denuncia en su contra por supuesto abuso sexual,\u00a0Jey Mammon\u00a0se expres\u00f3 p\u00fablicamente en su cuenta de Instagram. El conductor, que hasta el momento solo se hab\u00eda [&hellip;]<\/p>\n","protected":false},"author":1,"featured_media":97293,"comment_status":"closed","ping_status":"closed","sticky":false,"template":"","format":"standard","meta":{"_seopress_robots_primary_cat":"","_seopress_titles_title":"","_seopress_titles_desc":"","_seopress_robots_index":"","footnotes":""},"categories":[4],"tags":[36643,36640,36747,36641],"class_list":{"0":"post-97290","1":"post","2":"type-post","3":"status-publish","4":"format-standard","5":"has-post-thumbnail","7":"category-famosos","8":"tag-caso-jey-mammon","9":"tag-denuncia-a-jey-mammon","10":"tag-descargo-de-jey-mammon","11":"tag-jey-mammon-lucas-benvenutto"},"_links":{"self":[{"href":"https:\/\/www.cordobatimes.com\/showup\/wp-json\/wp\/v2\/posts\/97290","targetHints":{"allow":["GET"]}}],"collection":[{"href":"https:\/\/www.cordobatimes.com\/showup\/wp-json\/wp\/v2\/posts"}],"about":[{"href":"https:\/\/www.cordobatimes.com\/showup\/wp-json\/wp\/v2\/types\/post"}],"author":[{"embeddable":true,"href":"https:\/\/www.cordobatimes.com\/showup\/wp-json\/wp\/v2\/users\/1"}],"replies":[{"embeddable":true,"href":"https:\/\/www.cordobatimes.com\/showup\/wp-json\/wp\/v2\/comments?post=97290"}],"version-history":[{"count":0,"href":"https:\/\/www.cordobatimes.com\/showup\/wp-json\/wp\/v2\/posts\/97290\/revisions"}],"wp:featuredmedia":[{"embeddable":true,"href":"https:\/\/www.cordobatimes.com\/showup\/wp-json\/wp\/v2\/media\/97293"}],"wp:attachment":[{"href":"https:\/\/www.cordobatimes.com\/showup\/wp-json\/wp\/v2\/media?parent=97290"}],"wp:term":[{"taxonomy":"category","embeddable":true,"href":"https:\/\/www.cordobatimes.com\/showup\/wp-json\/wp\/v2\/categories?post=97290"},{"taxonomy":"post_tag","embeddable":true,"href":"https:\/\/www.cordobatimes.com\/showup\/wp-json\/wp\/v2\/tags?post=97290"}],"curies":[{"name":"wp","href":"https:\/\/api.w.org\/{rel}","templated":true}]}}