{"id":97267,"date":"2023-03-29T10:16:06","date_gmt":"2023-03-29T13:16:06","guid":{"rendered":"https:\/\/www.cordobatimes.com\/showup\/?p=97267"},"modified":"2023-03-29T10:16:06","modified_gmt":"2023-03-29T13:16:06","slug":"nazarena-velez-hablo-sobre-la-denuncia-a-jey-mammon","status":"publish","type":"post","link":"https:\/\/www.cordobatimes.com\/showup\/famosos\/2023\/03\/29\/nazarena-velez-hablo-sobre-la-denuncia-a-jey-mammon\/","title":{"rendered":"Nazarena V\u00e9lez habl\u00f3 sobre la denuncia  a Jey Mammon"},"content":{"rendered":"<h3><strong>La artista expres\u00f3 su enojo en las redes sociales y se lament\u00f3: \u201cUna basura as\u00ed tiene que pagar de por vida\u201d.<\/strong><\/h3>\n<p>El caso de la denuncia por presunto abuso sexual de\u00a0Jey Mammon\u00a0sigue revolucionando al mundo del espect\u00e1culo y las repercusiones llegaron hasta sus amigos. En esta ocasi\u00f3n,\u00a0Nazarena V\u00e9lez\u00a0dio su opini\u00f3n al respecto mediante las redes sociales y pidi\u00f3 justicia.<\/p>\n<p>\u201cSinceramente, necesit\u00e9 tomarme unos d\u00edas para poder afrontar este tema y poder hablarlo, porque quiero que sepan que es muy doloroso enterarte que quer\u00edas a un monstruo y ayudaste a entrar al medio a un pederasta\u201d, comenz\u00f3 a diciendo la panelista de LAM. \u201cYo como madre y como abuela, saber que dej\u00e9 cerca al Chino (su hijo) de Jey, me paraliza\u201d, a\u00f1adi\u00f3.<\/p>\n<p>Por otro lado, le mand\u00f3 su apoyo a\u00a0Lucas Benvenuto.\u00a0\u201cCreo cada palabra de Lucas y es m\u00e1s, creo que debe haber m\u00e1s Lucas ah\u00ed afuera que no se animan o por verg\u00fcenza o por dolor a denunciar porque aquel que lo hace una vez, lo hace varias veces. Lo que yo no puedo creer es que la Justicia se lave las manos, que le diga a un menor \u2018vos pod\u00e9s denunciar, pero hasta este a\u00f1o. Despu\u00e9s, suerte\u2019. Algo hay que hacer con las leyes\u201d.<\/p>\n<p>En la misma l\u00ednea, sum\u00f3: \u201cA las criaturas hay que protegerlas siempre, toda la vida, no solo los primeros diez a\u00f1os\u201d. Adem\u00e1s, fue contundente con los abusadores: \u201cLa basura que hace una cosa as\u00ed lo tiene que pagar tambi\u00e9n de por vida&#8230; quiero que sepan que para mi es muy frustrante enterarme de un delito as\u00ed y que esa persona no est\u00e9 presa, no lo puedo creer\u201d.<\/p>\n<p>Asimismo,\u00a0Nazarena\u00a0habl\u00f3 acerca de su relaci\u00f3n con el conductor: \u201cYo nunca lo conoc\u00ed a Lucas. Seguramente \u00e9l me habr\u00e1 hecho referencias a Lucas, como a otras personas con las que sal\u00eda, pero lo que nunca dijo es que era un menor de edad. Lucas lo explica muy bien, \u00e9l se cuidaba mucho para que no lo vean, entonces yo jam\u00e1s me imagin\u00e9 que era un abusador, no le hubiera abierto las puertas de mi casa\u201d.<\/p>\n<p>Finalmente, la empresaria expres\u00f3: \u201cLo \u00faltimo que quiero decir sobre este caso es que deseo con mi alma que se haga justicia por Lucas y por la cantidad de Lucas que hay ah\u00ed afuera, que fueron abusados, les arruinaron la infancia y la vida. Ojal\u00e1 que se haga justicia\u201d.<\/p>\n<div style=\"width: 320px;\" class=\"wp-video\"><video class=\"wp-video-shortcode\" id=\"video-97267-1\" width=\"320\" height=\"568\" preload=\"metadata\" controls=\"controls\"><source type=\"video\/mp4\" src=\"https:\/\/www.cordobatimes.com\/showup\/wp-content\/uploads\/2023\/03\/XAJ5WfJ4-34105375.mp4?_=1\" \/><a href=\"https:\/\/www.cordobatimes.com\/showup\/wp-content\/uploads\/2023\/03\/XAJ5WfJ4-34105375.mp4\">https:\/\/www.cordobatimes.com\/showup\/wp-content\/uploads\/2023\/03\/XAJ5WfJ4-34105375.mp4<\/a><\/video><\/div>\n","protected":false},"excerpt":{"rendered":"<p>La artista expres\u00f3 su enojo en las redes sociales y se lament\u00f3: \u201cUna basura as\u00ed tiene que pagar de por vida\u201d. El caso de la denuncia por presunto abuso sexual de\u00a0Jey Mammon\u00a0sigue revolucionando al mundo del espect\u00e1culo y las repercusiones llegaron hasta sus amigos. En esta ocasi\u00f3n,\u00a0Nazarena V\u00e9lez\u00a0dio su opini\u00f3n al respecto mediante las redes [&hellip;]<\/p>\n","protected":false},"author":1,"featured_media":97268,"comment_status":"closed","ping_status":"closed","sticky":false,"template":"","format":"standard","meta":{"_seopress_robots_primary_cat":"","_seopress_titles_title":"","_seopress_titles_desc":"","_seopress_robots_index":"","footnotes":""},"categories":[4],"tags":[36643,36640,36739],"class_list":{"0":"post-97267","1":"post","2":"type-post","3":"status-publish","4":"format-standard","5":"has-post-thumbnail","7":"category-famosos","8":"tag-caso-jey-mammon","9":"tag-denuncia-a-jey-mammon","10":"tag-nazarena-velez-jey-mammon"},"_links":{"self":[{"href":"https:\/\/www.cordobatimes.com\/showup\/wp-json\/wp\/v2\/posts\/97267","targetHints":{"allow":["GET"]}}],"collection":[{"href":"https:\/\/www.cordobatimes.com\/showup\/wp-json\/wp\/v2\/posts"}],"about":[{"href":"https:\/\/www.cordobatimes.com\/showup\/wp-json\/wp\/v2\/types\/post"}],"author":[{"embeddable":true,"href":"https:\/\/www.cordobatimes.com\/showup\/wp-json\/wp\/v2\/users\/1"}],"replies":[{"embeddable":true,"href":"https:\/\/www.cordobatimes.com\/showup\/wp-json\/wp\/v2\/comments?post=97267"}],"version-history":[{"count":0,"href":"https:\/\/www.cordobatimes.com\/showup\/wp-json\/wp\/v2\/posts\/97267\/revisions"}],"wp:featuredmedia":[{"embeddable":true,"href":"https:\/\/www.cordobatimes.com\/showup\/wp-json\/wp\/v2\/media\/97268"}],"wp:attachment":[{"href":"https:\/\/www.cordobatimes.com\/showup\/wp-json\/wp\/v2\/media?parent=97267"}],"wp:term":[{"taxonomy":"category","embeddable":true,"href":"https:\/\/www.cordobatimes.com\/showup\/wp-json\/wp\/v2\/categories?post=97267"},{"taxonomy":"post_tag","embeddable":true,"href":"https:\/\/www.cordobatimes.com\/showup\/wp-json\/wp\/v2\/tags?post=97267"}],"curies":[{"name":"wp","href":"https:\/\/api.w.org\/{rel}","templated":true}]}}