{"id":97242,"date":"2023-03-28T18:09:08","date_gmt":"2023-03-28T21:09:08","guid":{"rendered":"https:\/\/www.cordobatimes.com\/showup\/?p=97242"},"modified":"2023-03-28T18:09:08","modified_gmt":"2023-03-28T21:09:08","slug":"el-feliz-reencuentro-de-mora-y-caramelo","status":"publish","type":"post","link":"https:\/\/www.cordobatimes.com\/showup\/internet\/2023\/03\/28\/el-feliz-reencuentro-de-mora-y-caramelo\/","title":{"rendered":"El feliz reencuentro de Mora y Caramelo"},"content":{"rendered":"<h3><strong>Los perros est\u00e1n bajo la supervisi\u00f3n de un veterinario, a la espera de ser adoptados.<\/strong><\/h3>\n<p>Mora y Caramelo, los perros de Gran Hermano\u00a0(Telefe), se reencontraron tras la final del reality. Desde\u00a0Las Palmas Hoster\u00eda Animal\u00a0compartieron un dulce video y mostraron a los cachorros felices.<\/p>\n<p>El lugar que se encarga de cuidar a los cachorros pertenece al veterinario\u00a0Gustavo Gonz\u00e1lez Mar\u00edn, quien tambi\u00e9n se encarg\u00f3 de que los perros entraran a la casa a mediados de febrero.<\/p>\n<p>\u00abReencuentro supervisado by t\u00edo Pocho\u00bb, escribi\u00f3 junto al\u00a0video donde se los puede ver a Mora y Caramelo jugando felices al aire libre\u00a0entre ellos y bajo la mirada de otro perro.<\/p>\n<div style=\"width: 360px;\" class=\"wp-video\"><video class=\"wp-video-shortcode\" id=\"video-97242-1\" width=\"360\" height=\"360\" preload=\"metadata\" controls=\"controls\"><source type=\"video\/mp4\" src=\"https:\/\/www.cordobatimes.com\/showup\/wp-content\/uploads\/2023\/03\/RskYLpTe2VtSgNc-.mp4?_=1\" \/><a href=\"https:\/\/www.cordobatimes.com\/showup\/wp-content\/uploads\/2023\/03\/RskYLpTe2VtSgNc-.mp4\">https:\/\/www.cordobatimes.com\/showup\/wp-content\/uploads\/2023\/03\/RskYLpTe2VtSgNc-.mp4<\/a><\/video><\/div>\n","protected":false},"excerpt":{"rendered":"<p>Los perros est\u00e1n bajo la supervisi\u00f3n de un veterinario, a la espera de ser adoptados. Mora y Caramelo, los perros de Gran Hermano\u00a0(Telefe), se reencontraron tras la final del reality. Desde\u00a0Las Palmas Hoster\u00eda Animal\u00a0compartieron un dulce video y mostraron a los cachorros felices. El lugar que se encarga de cuidar a los cachorros pertenece al [&hellip;]<\/p>\n","protected":false},"author":1,"featured_media":97243,"comment_status":"closed","ping_status":"closed","sticky":false,"template":"","format":"standard","meta":{"_seopress_robots_primary_cat":"","_seopress_titles_title":"","_seopress_titles_desc":"","_seopress_robots_index":"","footnotes":""},"categories":[22956],"tags":[36727,36728,36726],"class_list":{"0":"post-97242","1":"post","2":"type-post","3":"status-publish","4":"format-standard","5":"has-post-thumbnail","7":"category-internet","8":"tag-mora-y-caramelo","9":"tag-mora-y-caramelo-gran-hermano","10":"tag-reencuentro-de-mora-y-caramelo"},"_links":{"self":[{"href":"https:\/\/www.cordobatimes.com\/showup\/wp-json\/wp\/v2\/posts\/97242","targetHints":{"allow":["GET"]}}],"collection":[{"href":"https:\/\/www.cordobatimes.com\/showup\/wp-json\/wp\/v2\/posts"}],"about":[{"href":"https:\/\/www.cordobatimes.com\/showup\/wp-json\/wp\/v2\/types\/post"}],"author":[{"embeddable":true,"href":"https:\/\/www.cordobatimes.com\/showup\/wp-json\/wp\/v2\/users\/1"}],"replies":[{"embeddable":true,"href":"https:\/\/www.cordobatimes.com\/showup\/wp-json\/wp\/v2\/comments?post=97242"}],"version-history":[{"count":0,"href":"https:\/\/www.cordobatimes.com\/showup\/wp-json\/wp\/v2\/posts\/97242\/revisions"}],"wp:featuredmedia":[{"embeddable":true,"href":"https:\/\/www.cordobatimes.com\/showup\/wp-json\/wp\/v2\/media\/97243"}],"wp:attachment":[{"href":"https:\/\/www.cordobatimes.com\/showup\/wp-json\/wp\/v2\/media?parent=97242"}],"wp:term":[{"taxonomy":"category","embeddable":true,"href":"https:\/\/www.cordobatimes.com\/showup\/wp-json\/wp\/v2\/categories?post=97242"},{"taxonomy":"post_tag","embeddable":true,"href":"https:\/\/www.cordobatimes.com\/showup\/wp-json\/wp\/v2\/tags?post=97242"}],"curies":[{"name":"wp","href":"https:\/\/api.w.org\/{rel}","templated":true}]}}