{"id":97236,"date":"2023-03-28T13:05:28","date_gmt":"2023-03-28T16:05:28","guid":{"rendered":"https:\/\/www.cordobatimes.com\/showup\/?p=97236"},"modified":"2023-03-28T13:05:28","modified_gmt":"2023-03-28T16:05:28","slug":"jey-mammon-no-hay-nada-de-que-esconderse-cuando-no-hay-nada-que-esconder","status":"publish","type":"post","link":"https:\/\/www.cordobatimes.com\/showup\/famosos\/2023\/03\/28\/jey-mammon-no-hay-nada-de-que-esconderse-cuando-no-hay-nada-que-esconder\/","title":{"rendered":"Jey Mammon: \u201cNo hay nada de qu\u00e9 esconderse cuando no hay nada que esconder\u201d"},"content":{"rendered":"<h3><strong>\u00c1ngel de Brito revel\u00f3 el di\u00e1logo que tuvo con el conductor luego de que tomara estado p\u00fablico la denuncia por presunto abuso sexual<\/strong><\/h3>\n<p>El lunes a la noche, en su regreso a\u00a0LAM, luego de ausentarse por motivos personales, el conductor\u00a0\u00c1ngel de Brito\u00a0revel\u00f3 el di\u00e1logo privado que tuvo con Jey, una vez que escuch\u00f3 su nombre en el programa de Rial. \u201cLe pregunt\u00e9 c\u00f3mo fue el tema y les voy a leer textual lo que me respondi\u00f3. M\u00e1s all\u00e1 de que me pidi\u00f3 que no dijera que habl\u00e9 con \u00e9l. Poco me importa su pedido\u201d, se\u00f1al\u00f3 el periodista.<\/p>\n<p>\u201c\u2018Miente en la edad\u2019,\u00a0fue una de las cosas que me dijo\u201d, revel\u00f3 de Brito, y continu\u00f3 explicando c\u00f3mo se dio el intercambio: \u201cTodos los mensajes iban con repreguntas m\u00edas que no tuve respuestas. A pesar de que lo conozco de cumplea\u00f1os, de haber compartido a\u00f1os de programas, charlas. Vino miles de veces a\u00a0LAM\u00a0y hasta present\u00f3 un novio en el programa. Hemos hablado miles de veces de temas privados\u201d, agreg\u00f3, y continu\u00f3 transmitiendo la palabra de Mammon.<\/p>\n<p>\u201cNunca jam\u00e1s me habl\u00f3 de un novio de 14 a\u00f1os, porque obviamente no hubiese seguido esa charla.\u00a0Nunca jam\u00e1s me habl\u00f3 de una denuncia de extorsi\u00f3n, que todav\u00eda no apareci\u00f3 y \u00e9l, muy mal asesorado, la pone en un comunicado\u201d, sigui\u00f3 de Brito, cuestionando la estrategia del conductor y de su abogado. Y aclar\u00f3 que el ida y vuelta fue previo al comunicado de Telefe apart\u00e1ndolo del programa. \u201cLa denuncia apareci\u00f3 mientras yo hac\u00eda\u00a0Los Mammones\u00a0en Am\u00e9rica.\u00a0Estoy muy mal y no estoy viendo nada de todo lo que dice\u201d, se\u00f1al\u00f3 Jey.<\/p>\n<p>A continuaci\u00f3n, de Brito revel\u00f3 que todav\u00eda no pod\u00eda creer lo que estaba ocurriendo con Jey, con quien reconoci\u00f3 tener una muy buena relaci\u00f3n construida a partir de cruzarse tantos a\u00f1os en el medio. En este sentido, acot\u00f3 como dato de color que estaban planeando como ir juntos a la fiesta de casamiento de Lizy Tagliani, que tuvo lugar ese mismo jueves a la noche. \u201cEst\u00e1bamos organizando una combi para ir hasta Berazategui con\u00a0El Chato Prada, Fede Hoppe, con Paula Chaves, y finalmente ese plan no se hizo. Yo hab\u00eda hablado con \u00e9l el domingo despu\u00e9s del debut de\u00a0La Pe\u00f1a\u00a0para felicitarlo\u201d, afirm\u00f3.<\/p>\n<p>\u201cDespu\u00e9s me dijo\u00a0\u2018No hay nada de qu\u00e9 esconderse cuando no hay nada que esconder\u2019,\u00a0pero se escondi\u00f3\u201d, revel\u00f3 de Brito. \u201cEn otro momento me dijo que hab\u00edan filtrado su n\u00famero y que no pod\u00eda usar su tel\u00e9fono. Ah\u00ed sent\u00ed que ya no quer\u00eda hablar m\u00e1s y que s\u00f3lo eran excusas\u201d, agreg\u00f3 el conductor, que luego confirm\u00f3 que era cierto que le hab\u00edan viralizado el n\u00famero. \u201cPero si vos quer\u00e9s hablar con alguien agarr\u00e1s otro tel\u00e9fono y llam\u00e1s.\u00a0Porque s\u00e9 que desde el jueves hasta ahora estuvo hablando con Burlando por ejemplo. Y con otros amigos de \u00e9l\u201d.<\/p>\n<p>\u201cTambi\u00e9n me agreg\u00f3 que iba a hacer el programa el domingo.\u00a0Acto seguido a la tarde Telefe lo echa porque si bien no lo despidieron, el canal habl\u00f3 con \u00e9l y consensuaron que no fuera. Obviamente no hay vuelta atr\u00e1s en lo laboral y en otros trabajos suyos como publicidades y el disco que hab\u00eda grabado\u201d, analiz\u00f3 el periodista. Y cerr\u00f3 contando el ambiente que se vive en el canal l\u00edder. \u201cLa empresa baj\u00f3 l\u00ednea y le hizo un pedido a los conductores del canal. En el casamiento de Lizy,\u00a0Jesica Cirio estaba espantada y no sab\u00eda c\u00f3mo iba a hacer el programa el domingo.\u00a0Todav\u00eda no se hab\u00eda determinado que estuviera Georgina\u201d, revel\u00f3.<\/p>\n","protected":false},"excerpt":{"rendered":"<p>\u00c1ngel de Brito revel\u00f3 el di\u00e1logo que tuvo con el conductor luego de que tomara estado p\u00fablico la denuncia por presunto abuso sexual El lunes a la noche, en su regreso a\u00a0LAM, luego de ausentarse por motivos personales, el conductor\u00a0\u00c1ngel de Brito\u00a0revel\u00f3 el di\u00e1logo privado que tuvo con Jey, una vez que escuch\u00f3 su nombre [&hellip;]<\/p>\n","protected":false},"author":1,"featured_media":97089,"comment_status":"closed","ping_status":"closed","sticky":false,"template":"","format":"standard","meta":{"_seopress_robots_primary_cat":"","_seopress_titles_title":"","_seopress_titles_desc":"","_seopress_robots_index":"","footnotes":""},"categories":[4],"tags":[36643,36640,36641],"class_list":{"0":"post-97236","1":"post","2":"type-post","3":"status-publish","4":"format-standard","5":"has-post-thumbnail","7":"category-famosos","8":"tag-caso-jey-mammon","9":"tag-denuncia-a-jey-mammon","10":"tag-jey-mammon-lucas-benvenutto"},"_links":{"self":[{"href":"https:\/\/www.cordobatimes.com\/showup\/wp-json\/wp\/v2\/posts\/97236","targetHints":{"allow":["GET"]}}],"collection":[{"href":"https:\/\/www.cordobatimes.com\/showup\/wp-json\/wp\/v2\/posts"}],"about":[{"href":"https:\/\/www.cordobatimes.com\/showup\/wp-json\/wp\/v2\/types\/post"}],"author":[{"embeddable":true,"href":"https:\/\/www.cordobatimes.com\/showup\/wp-json\/wp\/v2\/users\/1"}],"replies":[{"embeddable":true,"href":"https:\/\/www.cordobatimes.com\/showup\/wp-json\/wp\/v2\/comments?post=97236"}],"version-history":[{"count":0,"href":"https:\/\/www.cordobatimes.com\/showup\/wp-json\/wp\/v2\/posts\/97236\/revisions"}],"wp:featuredmedia":[{"embeddable":true,"href":"https:\/\/www.cordobatimes.com\/showup\/wp-json\/wp\/v2\/media\/97089"}],"wp:attachment":[{"href":"https:\/\/www.cordobatimes.com\/showup\/wp-json\/wp\/v2\/media?parent=97236"}],"wp:term":[{"taxonomy":"category","embeddable":true,"href":"https:\/\/www.cordobatimes.com\/showup\/wp-json\/wp\/v2\/categories?post=97236"},{"taxonomy":"post_tag","embeddable":true,"href":"https:\/\/www.cordobatimes.com\/showup\/wp-json\/wp\/v2\/tags?post=97236"}],"curies":[{"name":"wp","href":"https:\/\/api.w.org\/{rel}","templated":true}]}}