{"id":97230,"date":"2023-03-28T11:06:52","date_gmt":"2023-03-28T14:06:52","guid":{"rendered":"https:\/\/www.cordobatimes.com\/showup\/?p=97230"},"modified":"2023-03-28T11:06:52","modified_gmt":"2023-03-28T14:06:52","slug":"angel-de-brito-ante-la-denuncia-de-abuso-contra-jey-mammon-su-descargo","status":"publish","type":"post","link":"https:\/\/www.cordobatimes.com\/showup\/tv\/2023\/03\/28\/angel-de-brito-ante-la-denuncia-de-abuso-contra-jey-mammon-su-descargo\/","title":{"rendered":"\u00c1ngel de Brito ante la denuncia de abuso contra Jey Mamm\u00f3n: su descargo"},"content":{"rendered":"<h3><strong>El conductor de LAM fue contundente y afirm\u00f3 que est\u00e1 del lado de Lucas Benvenuto, la v\u00edctima.\u00a0<\/strong><\/h3>\n<p>\u00c1ngel de Brito\u00a0habl\u00f3 sobre\u00a0la denuncia por abuso contra Jey Mamm\u00f3n\u00a0y fue tajante. El conductor de LAM (Am\u00e9rica TV) dej\u00f3 en claro que \u00e9l est\u00e1 del lado de la v\u00edctima, en este caso, Lucas Benvenuto.<\/p>\n<p>Al aire de\u00a0LAM, \u00c1ngel cont\u00f3 que \u00e9l se comunic\u00f3 con Jey previo a que compartiera su descargo en redes:\u00a0\u00abMe dijo &#8216;por favor no digas que hablaste conmigo&#8217;, pero poco me importa. Les voy a leer los textuales que me dijo.\u00a0Todos los mensajes fueron con repregunta porque me espant\u00f3, pese a conocerlo y compartir con \u00e9l\u00bb.<\/p>\n<p>\u00abNunca jam\u00e1s me mencion\u00f3 esto las veces que hablamos. Nunca jam\u00e1s me habl\u00f3 de una denuncia por extorsi\u00f3n que todav\u00eda no apareci\u00f3 y \u00e9l la pone en un comunicado.\u00a0Los textuales son: &#8216;Miente en la edad&#8217;, &#8216;La denuncia apareci\u00f3 mientras yo hac\u00eda Los Mammones&#8217;, &#8216;Estoy muy mal, no estoy viendo nada de lo que dicen&#8217;. Esto fue antes de que saliera el comunicado y todav\u00eda no lo hab\u00edan echado de Telefe\u00bb, agreg\u00f3 De Brito.<\/p>\n<p>\u00abM\u00e1s all\u00e1 del comunicado me dice: &#8216;No hay nada de que esconderse cuando no hay nada que esconder&#8217;. Despu\u00e9s se escondi\u00f3. Me dice: &#8216;Filtraron mi n\u00famero y no puedo usar mi tel\u00e9fono&#8217;. Yo voy a ser sincero, sent\u00eda que solo eran excusas\u00bb, sigui\u00f3.<\/p>\n<p>\u00abNo entiendo las actitudes que tiene Jey Mamm\u00f3n desde el jueves. Yo estoy cien por ciento del lado de Lucas Benvenuto, del lado de la v\u00edctima. Lo que hizo Jey Mamm\u00f3n no solo es impropio, est\u00e1 fuera de la ley. Me chupa un huevo la prescripci\u00f3n, los hechos son los hechos. Para m\u00ed, Jey Mamm\u00f3n fue, en todos los sentidos. \u00c9l tendr\u00e1 todo el tiempo para explicarlo y presentar lo que quiera. Ojal\u00e1 sepamos toda la verdad y no quede en la nada\u00bb, cerr\u00f3 tajante \u00c1ngel de Brito.<\/p>\n<p><iframe loading=\"lazy\" width=\"560\" height=\"315\" src=\"https:\/\/www.youtube.com\/embed\/QCciesoALWs\" title=\"YouTube video player\" frameborder=\"0\" allow=\"accelerometer; autoplay; clipboard-write; encrypted-media; gyroscope; picture-in-picture; web-share\" allowfullscreen><\/iframe><\/p>\n<p><iframe loading=\"lazy\" width=\"560\" height=\"315\" src=\"https:\/\/www.youtube.com\/embed\/ZJ435K3kAP8\" title=\"YouTube video player\" frameborder=\"0\" allow=\"accelerometer; autoplay; clipboard-write; encrypted-media; gyroscope; picture-in-picture; web-share\" allowfullscreen><\/iframe><\/p>\n<p><iframe loading=\"lazy\" width=\"560\" height=\"315\" src=\"https:\/\/www.youtube.com\/embed\/D-QezB5EOuw\" title=\"YouTube video player\" frameborder=\"0\" allow=\"accelerometer; autoplay; clipboard-write; encrypted-media; gyroscope; picture-in-picture; web-share\" allowfullscreen><\/iframe><\/p>\n<p><iframe loading=\"lazy\" width=\"560\" height=\"315\" src=\"https:\/\/www.youtube.com\/embed\/HYUQyPZrqo4\" title=\"YouTube video player\" frameborder=\"0\" allow=\"accelerometer; autoplay; clipboard-write; encrypted-media; gyroscope; picture-in-picture; web-share\" allowfullscreen><\/iframe><\/p>\n","protected":false},"excerpt":{"rendered":"<p>El conductor de LAM fue contundente y afirm\u00f3 que est\u00e1 del lado de Lucas Benvenuto, la v\u00edctima.\u00a0 \u00c1ngel de Brito\u00a0habl\u00f3 sobre\u00a0la denuncia por abuso contra Jey Mamm\u00f3n\u00a0y fue tajante. El conductor de LAM (Am\u00e9rica TV) dej\u00f3 en claro que \u00e9l est\u00e1 del lado de la v\u00edctima, en este caso, Lucas Benvenuto. Al aire de\u00a0LAM, \u00c1ngel [&hellip;]<\/p>\n","protected":false},"author":1,"featured_media":97231,"comment_status":"closed","ping_status":"closed","sticky":false,"template":"","format":"standard","meta":{"_seopress_robots_primary_cat":"","_seopress_titles_title":"","_seopress_titles_desc":"","_seopress_robots_index":"","footnotes":""},"categories":[2],"tags":[36722,36643,36640,36641],"class_list":{"0":"post-97230","1":"post","2":"type-post","3":"status-publish","4":"format-standard","5":"has-post-thumbnail","7":"category-tv","8":"tag-angel-de-brito-jey-mammon","9":"tag-caso-jey-mammon","10":"tag-denuncia-a-jey-mammon","11":"tag-jey-mammon-lucas-benvenutto"},"_links":{"self":[{"href":"https:\/\/www.cordobatimes.com\/showup\/wp-json\/wp\/v2\/posts\/97230","targetHints":{"allow":["GET"]}}],"collection":[{"href":"https:\/\/www.cordobatimes.com\/showup\/wp-json\/wp\/v2\/posts"}],"about":[{"href":"https:\/\/www.cordobatimes.com\/showup\/wp-json\/wp\/v2\/types\/post"}],"author":[{"embeddable":true,"href":"https:\/\/www.cordobatimes.com\/showup\/wp-json\/wp\/v2\/users\/1"}],"replies":[{"embeddable":true,"href":"https:\/\/www.cordobatimes.com\/showup\/wp-json\/wp\/v2\/comments?post=97230"}],"version-history":[{"count":0,"href":"https:\/\/www.cordobatimes.com\/showup\/wp-json\/wp\/v2\/posts\/97230\/revisions"}],"wp:featuredmedia":[{"embeddable":true,"href":"https:\/\/www.cordobatimes.com\/showup\/wp-json\/wp\/v2\/media\/97231"}],"wp:attachment":[{"href":"https:\/\/www.cordobatimes.com\/showup\/wp-json\/wp\/v2\/media?parent=97230"}],"wp:term":[{"taxonomy":"category","embeddable":true,"href":"https:\/\/www.cordobatimes.com\/showup\/wp-json\/wp\/v2\/categories?post=97230"},{"taxonomy":"post_tag","embeddable":true,"href":"https:\/\/www.cordobatimes.com\/showup\/wp-json\/wp\/v2\/tags?post=97230"}],"curies":[{"name":"wp","href":"https:\/\/api.w.org\/{rel}","templated":true}]}}