{"id":97194,"date":"2023-03-27T18:27:35","date_gmt":"2023-03-27T21:27:35","guid":{"rendered":"https:\/\/www.cordobatimes.com\/showup\/?p=97194"},"modified":"2023-03-27T18:27:35","modified_gmt":"2023-03-27T21:27:35","slug":"laura-ubfal-le-respondio-a-anama-ferreira-despues-de-la-polemica-por-su-twit-sobre-los-finalistas-de-gran-hermano","status":"publish","type":"post","link":"https:\/\/www.cordobatimes.com\/showup\/tv\/2023\/03\/27\/laura-ubfal-le-respondio-a-anama-ferreira-despues-de-la-polemica-por-su-twit-sobre-los-finalistas-de-gran-hermano\/","title":{"rendered":"Laura Ubfal le respondi\u00f3 a Anam\u00e1 Ferreira despu\u00e9s de la pol\u00e9mica por su twit sobre los finalistas de Gran Hermano"},"content":{"rendered":"<h3><strong>La exmodelo brasile\u00f1a reaccion\u00f3 furiosa por un mensaje que la periodista escribi\u00f3 en sus redes sociales, y pidi\u00f3 la intervenci\u00f3n del INADI.<\/strong><\/h3>\n<p class=\"paragraph\" data-mrf-recirculation=\"Links inline\"><b>Laura Ubfal<\/b>\u00a0gener\u00f3 revuelo al opinar respecto a los finalistas de\u00a0<i>Gran Hermano<\/i>,\u00a0<b>Julieta<\/b>,<b>\u00a0Nacho\u00a0<\/b>y\u00a0<b>Marcos<\/b>. Y compartiendo una foto de los tres juntos en la \u00faltima cena que tuvieron con el conductor\u00a0<b>Santiago del Moro<\/b>, adentro de la casa, escribi\u00f3 en La exmodelo brasile\u00f1a reaccion\u00f3 furiosa por un mensaje que la periodista escribi\u00f3 en sus redes sociales, y pidi\u00f3 la intervenci\u00f3n del INADI. \u201cLa gente eligi\u00f3 tres chicos j\u00f3venes, sanos, bellos. Una sociedad blanca y perfecta. Que gane el mejor. Gran Hermano ya gan\u00f3 el coraz\u00f3n de todos\u201d.<\/p>\n<div class=\"teads-adCall\"><\/div>\n<p class=\"paragraph\" data-mrf-recirculation=\"Links inline\">Al leer este comentario,\u00a0<b>Anam\u00e1 Ferreira<\/b>\u00a0se enfureci\u00f3 e incluso pidi\u00f3 la intervenci\u00f3n del\u00a0<b>Instituto Nacional contra la Discriminaci\u00f3n, la Xenofobia y el Racismo (INADI)<\/b>. \u201c\u00bfEs en serio este tuiter? \u00bfEs de Laura Ubfal? Me calent\u00f3 en serio. En Brasil o cualquier otro pa\u00eds ya estar\u00eda presa o pagando una multa como el corredor Nelson Piquet 950 mil d\u00f3lares. \u2018UNA SOCIEDAD BLANCA Y PERFECTA\u2019 ya tiene que actuar el @inadi urgente sos una racista @laubfal\u201d (SIC)\u201d, manifest\u00f3 la exmodelo brasile\u00f1a.<\/p>\n<div class=\"visual__image\"><img loading=\"lazy\" decoding=\"async\" class=\"\" src=\"https:\/\/cloudfront-us-east-1.images.arcpublishing.com\/infobae\/ZO6J5AQKGBBJ5H7BSYQRRY2XGM.jpg\" sizes=\"auto, (min-width: 800px) 50vw, 90vw\" srcset=\"https:\/\/www.infobae.com\/new-resizer\/QgI6OIa3WxcNSpTx0CDPS1O_w1s=\/420x420\/filters:format(webp):quality(85)\/cloudfront-us-east-1.images.arcpublishing.com\/infobae\/ZO6J5AQKGBBJ5H7BSYQRRY2XGM.jpg 420w,https:\/\/www.infobae.com\/new-resizer\/ReTNRxX7rGulxPkxU0i0KRYjVjQ=\/768x768\/filters:format(webp):quality(85)\/cloudfront-us-east-1.images.arcpublishing.com\/infobae\/ZO6J5AQKGBBJ5H7BSYQRRY2XGM.jpg 768w,https:\/\/www.infobae.com\/new-resizer\/CJZNGORXX2SbJidvPD3_z-fIU0U=\/992x992\/filters:format(webp):quality(85)\/cloudfront-us-east-1.images.arcpublishing.com\/infobae\/ZO6J5AQKGBBJ5H7BSYQRRY2XGM.jpg 992w,https:\/\/www.infobae.com\/new-resizer\/1NZastanZnNHiWPtESi7_KH9agI=\/1200x1200\/filters:format(webp):quality(85)\/cloudfront-us-east-1.images.arcpublishing.com\/infobae\/ZO6J5AQKGBBJ5H7BSYQRRY2XGM.jpg 1200w,https:\/\/www.infobae.com\/new-resizer\/SDWunexGjQhpvMhaJXK0KCIt868=\/1440x1440\/filters:format(webp):quality(85)\/cloudfront-us-east-1.images.arcpublishing.com\/infobae\/ZO6J5AQKGBBJ5H7BSYQRRY2XGM.jpg 1440w\" alt=\"El tuit que public\u00f3 Laura Ubfal\" width=\"1920\" height=\"2049\" \/><\/div>\n<div class=\"visual__image\"><img loading=\"lazy\" decoding=\"async\" class=\"\" src=\"https:\/\/cloudfront-us-east-1.images.arcpublishing.com\/infobae\/NFIIX5BYKNH5DBWPJ4WWPXJNPY.jpg\" alt=\"El tuit de Anam\u00e1 Ferreira\" width=\"1920\" height=\"458\" \/><\/div>\n<div class=\"inline ad-wrapper\">\n<div class=\"dfpAd ad-inline\">\n<div id=\"infobae\/teleshow\/nota\/inline\" class=\"infobae\/teleshow\/nota\/inline arcad\" data-google-query-id=\"CPuon9mC_f0CFfuolQId8poPzQ\">\n<div id=\"google_ads_iframe_\/1058609\/infobae\/teleshow\/nota\/inline_0__container__\"><iframe id=\"google_ads_iframe_\/1058609\/infobae\/teleshow\/nota\/inline_0\" tabindex=\"0\" title=\"3rd party ad content\" role=\"region\" name=\"google_ads_iframe_\/1058609\/infobae\/teleshow\/nota\/inline_0\" width=\"1\" height=\"1\" frameborder=\"0\" marginwidth=\"0\" marginheight=\"0\" scrolling=\"no\" aria-label=\"Advertisement\" data-load-complete=\"true\" data-google-container-id=\"5\" data-mce-fragment=\"1\"><\/iframe><\/div>\n<\/div>\n<\/div>\n<\/div>\n<p class=\"paragraph\" data-mrf-recirculation=\"Links inline\">Por esta pol\u00e9mica, la panelista de\u00a0<i><b>El Debate\u00a0<\/b><\/i>(<b>Telefe<\/b>) retuite\u00f3 un mensaje de una seguidora que la apoyaba: \u201cAc\u00e1 veo mucha gente que le cuesta interpretar un texto, y una iron\u00eda ni te cuento&#8230; Coincido en todo con lo que dice&#8230; es una final aspiracional, es lo que todos quieren ser\u201d. A ese mensaje, Laura agreg\u00f3: \u201cMuy buena comprensi\u00f3n de textos. \u00a1Felicitaciones!\u201d.<\/p>\n<p class=\"paragraph\" data-mrf-recirculation=\"Links inline\">Sin embargo, Anam\u00e1 fue por m\u00e1s e insisti\u00f3: \u201cSinceramente me da tristeza cuando una periodista dicen que una sociedad blanca y perfecta. Estamos hablando de racismo porque no quedaron morochos en la final. Mi Dios, qu\u00e9 furia tengo, ya tiene que actuar de oficio alg\u00fan juez\u201d. Pero adem\u00e1s de Ferreira, muchos seguidores de Twitter dejaron sus comentarios respecto a la periodista, convirtiendo el tema en tendencia en las redes sociales.<\/p>\n<p class=\"paragraph\" data-mrf-recirculation=\"Links inline\">Horas despu\u00e9s, la periodista volvi\u00f3 a aclarar su mensaje, esta vez desde su participaci\u00f3n en en el ciclo\u00a0<i><b>Intrusos<\/b><\/i><b>\u00a0<\/b>(Am\u00e9rica): \u201cNo es la primera vez que ven\u00eda hablando de este tema.<i>\u00a0Gran Hermano<\/i>\u00a0es una sociedad, es un formato genial y refleja lo que pasa en cada pa\u00eds. Espa\u00f1a tuvo lo que tuvo, Brasil tiene lo que tiene. Nosotros tuvimos un<i>\u00a0Gran Hermano\u00a0<\/i>fant\u00e1stico que ya termina y reflej\u00f3 esta sociedad\u201d, sostuvo Ufbal.<\/p>\n<p class=\"paragraph\" data-mrf-recirculation=\"Links inline\">\u201cLa gente en este momento est\u00e1 eligiendo a estos tres participantes. Por un lado, la hegemon\u00eda, que es real, pero por otro lado, eligen los valores. Todo el mundo est\u00e1 hablando de los valores. En realidad uno no conoce a estos chicos, sino que los conoce por lo que vio estos cinco meses adentro de la casa\u201d.<\/p>\n<p class=\"paragraph\" data-mrf-recirculation=\"Links inline\">La periodista sostuvo que en el 2011, cuando\u00a0<b>Cristi\u00e1n U<\/b>\u00a0gan\u00f3\u00a0<i>Gran Hermano<\/i>, era un contexto muy diferente al actual. \u201cTiene que ver con el momento hist\u00f3rico. El planteo era completamente distinto. Cristi\u00e1n U era el discriminado y fue el que gan\u00f3\u201d, opin\u00f3.<\/p>\n<p class=\"paragraph\" data-mrf-recirculation=\"Links inline\">Por \u00faltimo, cuando le preguntaron qu\u00e9 quiso decir al utilizar la palabra \u201cblanca\u201d, Ubfal respondi\u00f3: \u201cBlanco no tiene que ver con la raza blanca. \u00bfMiren si yo voy a ser racista? Es una locura pensar eso. Yo hablaba de los valores, de esto que eligieron los chicos, que no pelearon. Blanco era una alegor\u00eda porque estaban vestidos de blanco, era hablar de \u00e1ngeles\u201d. Y concluy\u00f3: \u201cEn este momento, esta sociedad valor\u00f3 a estas personas. Ellos est\u00e1n ah\u00ed por buenos, por bellos, por lindos, porque la gente los quiere y los eligi\u00f3\u201d.<\/p>\n<div style=\"width: 480px;\" class=\"wp-video\"><video class=\"wp-video-shortcode\" id=\"video-97194-1\" width=\"480\" height=\"270\" preload=\"metadata\" controls=\"controls\"><source type=\"video\/mp4\" src=\"https:\/\/www.cordobatimes.com\/showup\/wp-content\/uploads\/2023\/03\/7w0uaKlZ-34105376.mp4?_=1\" \/><a href=\"https:\/\/www.cordobatimes.com\/showup\/wp-content\/uploads\/2023\/03\/7w0uaKlZ-34105376.mp4\">https:\/\/www.cordobatimes.com\/showup\/wp-content\/uploads\/2023\/03\/7w0uaKlZ-34105376.mp4<\/a><\/video><\/div>\n","protected":false},"excerpt":{"rendered":"<p>La exmodelo brasile\u00f1a reaccion\u00f3 furiosa por un mensaje que la periodista escribi\u00f3 en sus redes sociales, y pidi\u00f3 la intervenci\u00f3n del INADI. Laura Ubfal\u00a0gener\u00f3 revuelo al opinar respecto a los finalistas de\u00a0Gran Hermano,\u00a0Julieta,\u00a0Nacho\u00a0y\u00a0Marcos. Y compartiendo una foto de los tres juntos en la \u00faltima cena que tuvieron con el conductor\u00a0Santiago del Moro, adentro de la [&hellip;]<\/p>\n","protected":false},"author":1,"featured_media":97195,"comment_status":"closed","ping_status":"closed","sticky":false,"template":"","format":"standard","meta":{"_seopress_robots_primary_cat":"","_seopress_titles_title":"","_seopress_titles_desc":"","_seopress_robots_index":"","footnotes":""},"categories":[2],"tags":[36712,36711,36705,36706],"class_list":{"0":"post-97194","1":"post","2":"type-post","3":"status-publish","4":"format-standard","5":"has-post-thumbnail","7":"category-tv","8":"tag-laura-ubfal-anama-ferreira","9":"tag-laura-ubfal-gran-hermano","10":"tag-twit-de-laura-ubfal","11":"tag-twit-de-laura-ubfal-finalistas-de-gran-hermano"},"_links":{"self":[{"href":"https:\/\/www.cordobatimes.com\/showup\/wp-json\/wp\/v2\/posts\/97194","targetHints":{"allow":["GET"]}}],"collection":[{"href":"https:\/\/www.cordobatimes.com\/showup\/wp-json\/wp\/v2\/posts"}],"about":[{"href":"https:\/\/www.cordobatimes.com\/showup\/wp-json\/wp\/v2\/types\/post"}],"author":[{"embeddable":true,"href":"https:\/\/www.cordobatimes.com\/showup\/wp-json\/wp\/v2\/users\/1"}],"replies":[{"embeddable":true,"href":"https:\/\/www.cordobatimes.com\/showup\/wp-json\/wp\/v2\/comments?post=97194"}],"version-history":[{"count":0,"href":"https:\/\/www.cordobatimes.com\/showup\/wp-json\/wp\/v2\/posts\/97194\/revisions"}],"wp:featuredmedia":[{"embeddable":true,"href":"https:\/\/www.cordobatimes.com\/showup\/wp-json\/wp\/v2\/media\/97195"}],"wp:attachment":[{"href":"https:\/\/www.cordobatimes.com\/showup\/wp-json\/wp\/v2\/media?parent=97194"}],"wp:term":[{"taxonomy":"category","embeddable":true,"href":"https:\/\/www.cordobatimes.com\/showup\/wp-json\/wp\/v2\/categories?post=97194"},{"taxonomy":"post_tag","embeddable":true,"href":"https:\/\/www.cordobatimes.com\/showup\/wp-json\/wp\/v2\/tags?post=97194"}],"curies":[{"name":"wp","href":"https:\/\/api.w.org\/{rel}","templated":true}]}}