{"id":9718,"date":"2014-01-23T00:34:10","date_gmt":"2014-01-23T03:34:10","guid":{"rendered":"http:\/\/cordobatimes.com\/showup\/?p=9718"},"modified":"2022-02-27T09:38:16","modified_gmt":"2022-02-27T12:38:16","slug":"menu-de-jueves-crepes-de-queso","status":"publish","type":"post","link":"https:\/\/www.cordobatimes.com\/showup\/cocina\/2014\/01\/23\/menu-de-jueves-crepes-de-queso\/","title":{"rendered":"Crepes de queso"},"content":{"rendered":"<p><span style=\"text-decoration: underline;\"><strong>Ingredientes<\/strong><\/span><\/p>\n<ul>\n<li>Queso mozzarella rallado<\/li>\n<li>Queso \u00a0para gratinar<\/li>\n<li>Jam\u00f3n, paleta o alg\u00fan tipo de fiambre que m\u00e1s te guste.<\/li>\n<\/ul>\n<p><span style=\"text-decoration: underline;\"><b><u>Modo de Preparaci\u00f3n\u00a0<\/u><\/b><\/span><\/p>\n<ul>\n<li>Mezclamos en un bol los dos tipos de queso a partes iguales y a\u00f1adimos un pu\u00f1adito en la sart\u00e9n bien caliente.<\/li>\n<li>Cuando veamos que los bordes comienzan a dorarse le damos la vuelta con la ayuda de una esp\u00e1tula, esperamos a que se cocine por el otro lado y sacamos.<\/li>\n<li>Le ponemos una o dos fetas del fiambre que m\u00e1s nos guste \u00a0y cerramos.<\/li>\n<li style=\"text-align: center;\"><\/li>\n<\/ul>\n","protected":false},"excerpt":{"rendered":"<p>Ingredientes Queso mozzarella rallado Queso \u00a0para gratinar Jam\u00f3n, paleta o alg\u00fan tipo de fiambre que m\u00e1s te guste. Modo de Preparaci\u00f3n\u00a0 Mezclamos en un bol los dos tipos de queso a partes iguales y a\u00f1adimos un pu\u00f1adito en la sart\u00e9n bien caliente. Cuando veamos que los bordes comienzan a dorarse le damos la vuelta con [&hellip;]<\/p>\n","protected":false},"author":9,"featured_media":9720,"comment_status":"closed","ping_status":"closed","sticky":false,"template":"","format":"standard","meta":{"_seopress_robots_primary_cat":"","_seopress_titles_title":"","_seopress_titles_desc":"","_seopress_robots_index":"","footnotes":""},"categories":[1,317],"tags":[34627,34628,19464,17379,2452,2940],"class_list":{"0":"post-9718","1":"post","2":"type-post","3":"status-publish","4":"format-standard","5":"has-post-thumbnail","7":"category-cocina","8":"category-recetas","9":"tag-crepes-de-queso-receta","10":"tag-receta-de-crepes-de-queso","11":"tag-recetas-con-queso","12":"tag-recetas-de-queso","13":"tag-recetas-de-verano","14":"tag-recetas-rapidas"},"_links":{"self":[{"href":"https:\/\/www.cordobatimes.com\/showup\/wp-json\/wp\/v2\/posts\/9718","targetHints":{"allow":["GET"]}}],"collection":[{"href":"https:\/\/www.cordobatimes.com\/showup\/wp-json\/wp\/v2\/posts"}],"about":[{"href":"https:\/\/www.cordobatimes.com\/showup\/wp-json\/wp\/v2\/types\/post"}],"author":[{"embeddable":true,"href":"https:\/\/www.cordobatimes.com\/showup\/wp-json\/wp\/v2\/users\/9"}],"replies":[{"embeddable":true,"href":"https:\/\/www.cordobatimes.com\/showup\/wp-json\/wp\/v2\/comments?post=9718"}],"version-history":[{"count":0,"href":"https:\/\/www.cordobatimes.com\/showup\/wp-json\/wp\/v2\/posts\/9718\/revisions"}],"wp:featuredmedia":[{"embeddable":true,"href":"https:\/\/www.cordobatimes.com\/showup\/wp-json\/wp\/v2\/media\/9720"}],"wp:attachment":[{"href":"https:\/\/www.cordobatimes.com\/showup\/wp-json\/wp\/v2\/media?parent=9718"}],"wp:term":[{"taxonomy":"category","embeddable":true,"href":"https:\/\/www.cordobatimes.com\/showup\/wp-json\/wp\/v2\/categories?post=9718"},{"taxonomy":"post_tag","embeddable":true,"href":"https:\/\/www.cordobatimes.com\/showup\/wp-json\/wp\/v2\/tags?post=9718"}],"curies":[{"name":"wp","href":"https:\/\/api.w.org\/{rel}","templated":true}]}}