{"id":97177,"date":"2023-03-27T12:20:40","date_gmt":"2023-03-27T15:20:40","guid":{"rendered":"https:\/\/www.cordobatimes.com\/showup\/?p=97177"},"modified":"2023-03-27T12:20:40","modified_gmt":"2023-03-27T15:20:40","slug":"el-twit-de-laura-ubfal-por-la-foto-de-los-finalistas-de-gran-hermano","status":"publish","type":"post","link":"https:\/\/www.cordobatimes.com\/showup\/famosos\/2023\/03\/27\/el-twit-de-laura-ubfal-por-la-foto-de-los-finalistas-de-gran-hermano\/","title":{"rendered":"El twit de Laura Ubfal por la foto de los finalistas de Gran Hermano"},"content":{"rendered":"<h3><strong>La panelista de El Debate comparti\u00f3 un mensaje que indign\u00f3 a una lluvia de internautas. Su aclaraci\u00f3n produjo m\u00e1s enojo y Anam\u00e1 Ferreira pidi\u00f3 intervenci\u00f3n del INADI.<\/strong><\/h3>\n<p>El nombre de\u00a0Laura Ubfal\u00a0se convirti\u00f3 en\u00a0tendencia\u00a0en la red despu\u00e9s de que coment\u00f3 una foto de los finalistas de\u00a0Gran Hermano\u00a0refiri\u00e9ndose a que el p\u00fablico hab\u00eda elegido a\u00a0\u00abUna sociedad blanca y perfecta\u00bb.<\/p>\n<h3><strong>\u00bfQu\u00e9 pas\u00f3 con Laura Ubfal?<\/strong><\/h3>\n<p>\u00abLa gente eligi\u00f3\u00a0tres chicos j\u00f3venes, sanos, bellos.\u00a0Una sociedad blanca y perfecta.\u00a0Que gane el mejor. Gran Hermano ya gan\u00f3\u00a0el coraz\u00f3n de todos\u00bb, escribi\u00f3\u00a0Laura Ubfal\u00a0en su cuenta de Twitter sobre una foto que Santiago del Moro les tom\u00f3 a los jugadores cuando ingres\u00f3 a la casa para tener la \u00faltima cena y la comparti\u00f3 en la red, y caus\u00f3 la indignaci\u00f3n de una lluvia de internautas.<\/p>\n<p>Tras la r\u00e1pida repercusi\u00f3n, la panelista de El Debate cit\u00f3 el comentario de una seguidora que\u00a0dec\u00eda \u00abAc\u00e1 veo mucha gente que le cuesta interpretar un texto, y una iron\u00eda ni te cuento&#8230; Coincido en todo con lo que dice&#8230; es una final aspiracional, es lo que todos quieren ser!\u00bb, y agreg\u00f3:\u00a0\u00abMuy buena comprensi\u00f3n de textos. \u00a1Felicitaciones!\u00bb.<\/p>\n<blockquote class=\"twitter-tweet\">\n<p dir=\"ltr\" lang=\"es\">La gente eligio tres chicos j\u00f3venes, sanos, bellos. Una sociedad blanca y perfecta.<br \/>\nQue gane el mejor. Gran Hermano ya gano el corazon de todos <a href=\"https:\/\/t.co\/FwnVZ3kLHI\">pic.twitter.com\/FwnVZ3kLHI<\/a><\/p>\n<p>\u2014 Laura Ubfal (@laubfal) <a href=\"https:\/\/twitter.com\/laubfal\/status\/1640183415960920068?ref_src=twsrc%5Etfw\">March 27, 2023<\/a><\/p><\/blockquote>\n<p><script async src=\"https:\/\/platform.twitter.com\/widgets.js\" charset=\"utf-8\"><\/script><\/p>\n<p>Y es que Ubfal mantuvo -desde que se inici\u00f3 El Debate de Gran Hermano- hasta el final su idea de que el p\u00fablico prefer\u00eda a una sociedad hegem\u00f3nica, a una diversa. Sin embargo, muchos se volcaron a mostrarle que su comentario hab\u00eda sido desafortunado, que la iron\u00eda no fue bien utilizada y que no todos conocen su teor\u00eda, por lo que no van a reconocer si la periodista lo dice \u00aben chiste\u00bb o no. Y agregaron que pudiendo haber elegido otra forma de expresar su pensamiento, eligi\u00f3 una frase como \u00absociedad blanca y perfecta\u00bb, que est\u00e1 estrictamente relacionada al nazismo y el sue\u00f1o de Adolf Hitler de que la raza Aria domine el mundo.<\/p>\n<p>Incluso Anam\u00e1 Ferreira qued\u00f3 impactada con el tuit de Ubfal, y se lo coment\u00f3, a la vez que pidi\u00f3 que el Instituto Nacional contra la Discriminaci\u00f3n, la Xenofobia y el Racismo (INADI) interfiera. \u00ab\u00bfEs en serio este Tuiter? \u00bfEs de Laura Ubfal? Me calent\u00f3 en serio. En Brasil o cualquier otro pa\u00eds ya estar\u00eda presa o pagando una multa como el corredor Nelson Piquet 950 mil d\u00f3lares. &#8216;UNA SOCIEDAD BLANCA Y PERFECTA&#8217; ya tiene que actuar el @inadi urgente sos una racista @laubfal\u00bb.<\/p>\n<p><img alt=\"\" loading=\"lazy\" decoding=\"async\" class=\"alignnone size-medium wp-image-97179\" src=\"https:\/\/www.cordobatimes.com\/showup\/wp-content\/uploads\/2023\/03\/Pantallazo-27-03-2023-12.17.29-746x420.jpg\" alt=\"\" width=\"746\" height=\"420\" srcset=\"https:\/\/www.cordobatimes.com\/showup\/wp-content\/uploads\/2023\/03\/Pantallazo-27-03-2023-12.17.29-746x420.jpg 746w, https:\/\/www.cordobatimes.com\/showup\/wp-content\/uploads\/2023\/03\/Pantallazo-27-03-2023-12.17.29-1024x576.jpg 1024w, https:\/\/www.cordobatimes.com\/showup\/wp-content\/uploads\/2023\/03\/Pantallazo-27-03-2023-12.17.29-768x432.jpg 768w, https:\/\/www.cordobatimes.com\/showup\/wp-content\/uploads\/2023\/03\/Pantallazo-27-03-2023-12.17.29-696x392.jpg 696w, https:\/\/www.cordobatimes.com\/showup\/wp-content\/uploads\/2023\/03\/Pantallazo-27-03-2023-12.17.29-1068x601.jpg 1068w, https:\/\/www.cordobatimes.com\/showup\/wp-content\/uploads\/2023\/03\/Pantallazo-27-03-2023-12.17.29.jpg 1116w\" sizes=\"auto, (max-width: 746px) 100vw, 746px\" \/><\/p>\n<p>\u00abChicos qu\u00e9 le pas\u00f3 a la ubfal? Sociedad blanca y perfecta? Pas\u00f3 hitler y le dijo che no da\u00bb, \u00abUna sociedad blanca y perfecta\u00bb. El F\u00fchrer estar\u00eda orgulloso de esta se\u00f1ora!\u00bb, \u00abLos que defiende a Ubfal diciendo que lo de \u00absociedad blanca y perfecta\u00bb es una iron\u00eda, \u00bfQue se fumaron?\u00bb, \u00ab&#8216;Sociedad blanca y perfecta`, qu\u00e9 carajo jajaja Se meti\u00f3 un poco de racismo en tu tweet, Laura\u00bb, \u00abSociedad blanca y perfecta SE\u00d1ORA KE DISE pegaron mal los alfajorcitos de maicena\u00bb, \u00abQue comentarios horrible &#8230;sociedad blanca y perfecta ? No te cansas de ser tan desagradable?\u00bb, \u00abSociedad blanca y perfecta, da Alemania 1944\u00bb, fueron algunos de los tantos comentarios que se leyeron en Twitter.<\/p>\n","protected":false},"excerpt":{"rendered":"<p>La panelista de El Debate comparti\u00f3 un mensaje que indign\u00f3 a una lluvia de internautas. Su aclaraci\u00f3n produjo m\u00e1s enojo y Anam\u00e1 Ferreira pidi\u00f3 intervenci\u00f3n del INADI. El nombre de\u00a0Laura Ubfal\u00a0se convirti\u00f3 en\u00a0tendencia\u00a0en la red despu\u00e9s de que coment\u00f3 una foto de los finalistas de\u00a0Gran Hermano\u00a0refiri\u00e9ndose a que el p\u00fablico hab\u00eda elegido a\u00a0\u00abUna sociedad blanca [&hellip;]<\/p>\n","protected":false},"author":1,"featured_media":97178,"comment_status":"closed","ping_status":"closed","sticky":false,"template":"","format":"standard","meta":{"_seopress_robots_primary_cat":"","_seopress_titles_title":"","_seopress_titles_desc":"","_seopress_robots_index":"","footnotes":""},"categories":[4],"tags":[36707,36705,36706],"class_list":{"0":"post-97177","1":"post","2":"type-post","3":"status-publish","4":"format-standard","5":"has-post-thumbnail","7":"category-famosos","8":"tag-finalistas-de-gran-hermano","9":"tag-twit-de-laura-ubfal","10":"tag-twit-de-laura-ubfal-finalistas-de-gran-hermano"},"_links":{"self":[{"href":"https:\/\/www.cordobatimes.com\/showup\/wp-json\/wp\/v2\/posts\/97177","targetHints":{"allow":["GET"]}}],"collection":[{"href":"https:\/\/www.cordobatimes.com\/showup\/wp-json\/wp\/v2\/posts"}],"about":[{"href":"https:\/\/www.cordobatimes.com\/showup\/wp-json\/wp\/v2\/types\/post"}],"author":[{"embeddable":true,"href":"https:\/\/www.cordobatimes.com\/showup\/wp-json\/wp\/v2\/users\/1"}],"replies":[{"embeddable":true,"href":"https:\/\/www.cordobatimes.com\/showup\/wp-json\/wp\/v2\/comments?post=97177"}],"version-history":[{"count":0,"href":"https:\/\/www.cordobatimes.com\/showup\/wp-json\/wp\/v2\/posts\/97177\/revisions"}],"wp:featuredmedia":[{"embeddable":true,"href":"https:\/\/www.cordobatimes.com\/showup\/wp-json\/wp\/v2\/media\/97178"}],"wp:attachment":[{"href":"https:\/\/www.cordobatimes.com\/showup\/wp-json\/wp\/v2\/media?parent=97177"}],"wp:term":[{"taxonomy":"category","embeddable":true,"href":"https:\/\/www.cordobatimes.com\/showup\/wp-json\/wp\/v2\/categories?post=97177"},{"taxonomy":"post_tag","embeddable":true,"href":"https:\/\/www.cordobatimes.com\/showup\/wp-json\/wp\/v2\/tags?post=97177"}],"curies":[{"name":"wp","href":"https:\/\/api.w.org\/{rel}","templated":true}]}}