{"id":97162,"date":"2023-03-27T09:37:00","date_gmt":"2023-03-27T12:37:00","guid":{"rendered":"https:\/\/www.cordobatimes.com\/showup\/?p=97162"},"modified":"2023-03-27T09:37:00","modified_gmt":"2023-03-27T12:37:00","slug":"la-reaccion-de-marcos-y-julieta-cuando-se-enteraron-que-los-relacionaron-afuera","status":"publish","type":"post","link":"https:\/\/www.cordobatimes.com\/showup\/tv\/2023\/03\/27\/la-reaccion-de-marcos-y-julieta-cuando-se-enteraron-que-los-relacionaron-afuera\/","title":{"rendered":"La reacci\u00f3n de Marcos y Julieta cuando se enteraron que los relacionaron afuera"},"content":{"rendered":"<h3><strong>A horas de la gran final, Santiago del Moro ingres\u00f3 y les mostr\u00f3 a los participantes algunas de las repercusiones de su estad\u00eda en la casa m\u00e1s famosa del pa\u00eds.<\/strong><\/h3>\n<p>Santiago del Moro\u00a0ingres\u00f3 el domingo por la noche a la casa de\u00a0Gran Hermano\u00a0para compartir la \u00faltima comida con los finalistas\u00a0Julieta Poggio, Marcos Ginocchio\u00a0y\u00a0Nacho Casta\u00f1ares. Cuando lleg\u00f3, les comunic\u00f3 que les dar\u00eda dos anuncios: uno tuvo que ver con la famosa valija que hab\u00eda llevado Alfa cuando fue de visita por unos minutos, y el otro, con informaci\u00f3n desde el exterior, haciendo la salvedad de que el aislamiento hab\u00eda terminado d\u00edas atr\u00e1s cuando ingresaron sus excompa\u00f1eros, ellos dejaron de nominar y el voto se convirti\u00f3 en positivo de cara a la final de esta noche.<\/p>\n<p>Por un lado, en el equipaje hab\u00eda una botella de champagne, bombones y dos comunicados: uno color plateado y que contaba que quien se quedara con el tercer puesto ganar\u00eda un viaje con destino a definir; y otro dorado que anunciaba que a partir de ese momento se abr\u00eda la inscripci\u00f3n para el casting de\u00a0Gran Hermano 2023. Por caso, minutos despu\u00e9s, colaps\u00f3 el sitio web.<\/p>\n<p>Antes, el conductor hab\u00eda compartido una comida con los tres finalistas, y entre charla y charla, les mostr\u00f3 videos con algunas repercusiones desde el exterior sobre su participaci\u00f3n en la casa m\u00e1s famosa del pa\u00eds: noticias desde octubre del a\u00f1o pasado, cuando ingresaron por primera vez, y videos con los recortes m\u00e1s graciosos durante su estad\u00eda.<\/p>\n<p>Adem\u00e1s, vieron juntos el festejo del viernes a la noche (ya madrugada del s\u00e1bado), despu\u00e9s de la falsa boda de los tres. Las im\u00e1genes se enfocaron en Marcos y Julieta en pileta, y Del Moro primero aprovech\u00f3 la oportunidad para preguntarle a Nacho por su relaci\u00f3n con\u00a0Lucila Villar. \u201c\u00bfVos te enamoraste de\u00a0La Tora. \u00bfLe ponen t\u00edtulo? \u00bfQu\u00e9 onda?\u201d, quiso saber el animador. \u201cS\u00ed, estamos esperando que yo salga, pero s\u00ed, estamos saliendo\u201d, respondi\u00f3 el finalista y se mostr\u00f3 contento de haberla podido ver en todas las posibilidades que ella volvi\u00f3 a ingresar.<\/p>\n<p>De inmediato, el conductor hizo una salvedad: \u201cYa les voy a contar muchas cosas del afuera porque el aislamiento ya termin\u00f3 desde el otro d\u00eda que entraron los ex. Seguramente algunas cosas ya se empezaron a enterar. Igual, cuando pas\u00f3 a voto positivo todo cambi\u00f3 porque ya ustedes no nominaron m\u00e1s ni nada\u201d. Y los mir\u00f3 a Julieta y a Marcos y les pregunt\u00f3 por el particular fanatismo de aquellos a quienes les gustar\u00eda verlos juntos, pese a que ella cont\u00f3 que estaba de novia al ingresar a la casa, y siempre habl\u00f3 de su novio\u00a0Lucca, quien, adem\u00e1s, la fue a visitar semanas atr\u00e1s.<\/p>\n<p>\u201cSe habr\u00e1n enterado c\u00f3mo los\u00a0shippearon\u00a0muy fuerte a ustedes dos\u201d, desliz\u00f3 el animador y Julieta fue la primera en reaccionar. \u201cNo\u201d, asegur\u00f3 alzando su tono de voz acompa\u00f1ando una leve carcajada y quiso conocer m\u00e1s informaci\u00f3n al respecto. \u201c\u00a1Conta m\u00e1s!\u201d. Y Nacho se sum\u00f3 al deseo de la gente al agregar: \u201cYo siempre lo dije. Lo dije y lo quise\u201d. \u201cEs un poco lo que pasaba del afuera. Hubo uno tuyo tambi\u00e9n&#8230;\u201d, le cont\u00f3 sobre la uni\u00f3n que hicieron con\u00a0Thiago\u00a0de la que se enter\u00f3 d\u00edas atr\u00e1s a trav\u00e9s de Mora.<\/p>\n<p>\u201cBueno\u201d, interrumpi\u00f3 Julieta para hacer su aclaraci\u00f3n: \u201cSomos primos\u201d. Intentando derribar cualquier tipo de posibilidad y haciendo referencia a que ella respeta y est\u00e1 enamorada de su novio. Y Marcos, que hasta el momento no se hab\u00eda pronunciado, aval\u00f3 los dichos de su compa\u00f1era: \u201cSomos primos\u201d.<\/p>\n<p>\u201cSomos re primos\u201d, insisti\u00f3 Julieta y Del Moro continu\u00f3: \u201cVos est\u00e1s en pareja con Lucca, que de hecho estuvo ac\u00e1. Y el\u00a0Primo\u00a0no s\u00e9 si tendr\u00e1 algo por ah\u00ed&#8230;\u201d. Y Marcos interrumpi\u00f3 para referirse al respecto: \u201cNo, no. O sea, siempre tuvimos la mejor con Juli. Siempre, creo que desde el principio nos hicimos muy amigos y yo siempre la he sentido como muy de confianza\u201d.<\/p>\n<p>Emocionada por escuchar las palabras de su compa\u00f1ero, Poggio le dio la mano por arriba de la mesa -\u201day,\u00a0primo, somos primos\u201d- y Marcos volvi\u00f3 a aclarar: \u201cSomos primos, obvio. Siempre con mucha confianza, siempre la trat\u00e9 como una amiga\u201d.<\/p>\n<p>De inmediato, Del Moro intent\u00f3 advertirles sobre todo lo que ver\u00e1n afuera cuando salgan, desde cuentas de fan\u00e1ticos de la pareja, videos, expresiones de deseos y m\u00e1s. \u201cBueno, prep\u00e1rense para un afuera que va a ser fuerte con esto, y con muchos temas m\u00e1s\u201d, anticip\u00f3 el conductor que est\u00e1 noche estar\u00e1 al frente de la final pero que ma\u00f1ana se ausentar\u00e1 en el debate con el ganador del certamen porque se va de vacaciones.<\/p>\n<p><iframe loading=\"lazy\" width=\"560\" height=\"315\" src=\"https:\/\/www.youtube.com\/embed\/-E4B5fudX18\" title=\"YouTube video player\" frameborder=\"0\" allow=\"accelerometer; autoplay; clipboard-write; encrypted-media; gyroscope; picture-in-picture; web-share\" allowfullscreen><\/iframe><\/p>\n","protected":false},"excerpt":{"rendered":"<p>A horas de la gran final, Santiago del Moro ingres\u00f3 y les mostr\u00f3 a los participantes algunas de las repercusiones de su estad\u00eda en la casa m\u00e1s famosa del pa\u00eds. Santiago del Moro\u00a0ingres\u00f3 el domingo por la noche a la casa de\u00a0Gran Hermano\u00a0para compartir la \u00faltima comida con los finalistas\u00a0Julieta Poggio, Marcos Ginocchio\u00a0y\u00a0Nacho Casta\u00f1ares. Cuando [&hellip;]<\/p>\n","protected":false},"author":1,"featured_media":97163,"comment_status":"closed","ping_status":"closed","sticky":false,"template":"","format":"standard","meta":{"_seopress_robots_primary_cat":"","_seopress_titles_title":"","_seopress_titles_desc":"","_seopress_robots_index":"","footnotes":""},"categories":[2],"tags":[36603,36602,36698],"class_list":{"0":"post-97162","1":"post","2":"type-post","3":"status-publish","4":"format-standard","5":"has-post-thumbnail","7":"category-tv","8":"tag-marcos-ginocchio-y-julieta-poggio","9":"tag-marcos-y-julieta","10":"tag-marcos-y-julieta-gran-hermano"},"_links":{"self":[{"href":"https:\/\/www.cordobatimes.com\/showup\/wp-json\/wp\/v2\/posts\/97162","targetHints":{"allow":["GET"]}}],"collection":[{"href":"https:\/\/www.cordobatimes.com\/showup\/wp-json\/wp\/v2\/posts"}],"about":[{"href":"https:\/\/www.cordobatimes.com\/showup\/wp-json\/wp\/v2\/types\/post"}],"author":[{"embeddable":true,"href":"https:\/\/www.cordobatimes.com\/showup\/wp-json\/wp\/v2\/users\/1"}],"replies":[{"embeddable":true,"href":"https:\/\/www.cordobatimes.com\/showup\/wp-json\/wp\/v2\/comments?post=97162"}],"version-history":[{"count":0,"href":"https:\/\/www.cordobatimes.com\/showup\/wp-json\/wp\/v2\/posts\/97162\/revisions"}],"wp:featuredmedia":[{"embeddable":true,"href":"https:\/\/www.cordobatimes.com\/showup\/wp-json\/wp\/v2\/media\/97163"}],"wp:attachment":[{"href":"https:\/\/www.cordobatimes.com\/showup\/wp-json\/wp\/v2\/media?parent=97162"}],"wp:term":[{"taxonomy":"category","embeddable":true,"href":"https:\/\/www.cordobatimes.com\/showup\/wp-json\/wp\/v2\/categories?post=97162"},{"taxonomy":"post_tag","embeddable":true,"href":"https:\/\/www.cordobatimes.com\/showup\/wp-json\/wp\/v2\/tags?post=97162"}],"curies":[{"name":"wp","href":"https:\/\/api.w.org\/{rel}","templated":true}]}}