{"id":97136,"date":"2023-03-26T18:01:40","date_gmt":"2023-03-26T21:01:40","guid":{"rendered":"https:\/\/www.cordobatimes.com\/showup\/?p=97136"},"modified":"2023-03-26T18:01:40","modified_gmt":"2023-03-26T21:01:40","slug":"jesica-cirio-en-el-inicio-de-la-pena-de-morfi-acompanamos-la-decision-del-canal-hasta-que-todo-esto-se-resuelva","status":"publish","type":"post","link":"https:\/\/www.cordobatimes.com\/showup\/tv\/2023\/03\/26\/jesica-cirio-en-el-inicio-de-la-pena-de-morfi-acompanamos-la-decision-del-canal-hasta-que-todo-esto-se-resuelva\/","title":{"rendered":"Jesica Cirio: en el inicio de La pe\u00f1a de morfi: \u201cAcompa\u00f1amos la decisi\u00f3n del canal hasta que todo esto se resuelva\u201d"},"content":{"rendered":"<h3><strong>La coconductora abri\u00f3 la emisi\u00f3n de este domingo con un breve mensaje en el que no mencion\u00f3 a su excompa\u00f1ero Jey Mammon, apartado del ciclo por una denuncia por presunta corrupci\u00f3n de menores<\/strong><\/h3>\n<p>Jesica Cirio\u00a0se refiri\u00f3 a la situaci\u00f3n de\u00a0Jey Mammon\u00a0durante la apertura de\u00a0La pe\u00f1a de morfi.\u00a0Despu\u00e9s de que Telefe decidiera suspender moment\u00e1neamente al conductor del programa debido a la denuncia en su contra por abuso sexual a menores, su compa\u00f1era realiz\u00f3 un breve comentario este domingo en nombre de sus compa\u00f1eros y la producci\u00f3n.<\/p>\n<p>\u201cVoy a hablar en nombre de todos mis compa\u00f1eros, la producci\u00f3n y todos los que hacemos la pe\u00f1a. Un programa con mucho trabajo, mucho esfuerzo que hacemos para regalarles m\u00fasica cada domingo\u201d, dijo la coconductora del ciclo. \u201cEs de p\u00fablico conocimiento todo lo que est\u00e1 pasando, realmente no tiene nada que ver con el esp\u00edritu, ni con la esencia de\u00a0La Pe\u00f1a.\u00a0Acompa\u00f1amos la decisi\u00f3n del canal hasta que todo esto se resuelva. Estos hechos lamentables y tristes que nos tienen a todos impactados\u201d, concluy\u00f3 para dar paso a la presentaci\u00f3n\u00a0Georgina Barbarossa, su nueva compa\u00f1era en la conducci\u00f3n, por lo menos durante este domingo.<\/p>\n<p>El jueves pasado,\u00a0Telefe\u00a0emiti\u00f3 un comunicado en su noticiero central luego de que se conociera la denuncia de Lucas Benvenuto contra el m\u00fasico y conductor. \u201cTelefe acord\u00f3 con Jey Mammon suspender moment\u00e1neamente su continuidad como conductor de\u00a0La Pe\u00f1a de Morfi, concedi\u00e9ndole el tiempo que considere necesario para ordenar situaciones de \u00edndole personal\u201d, anunci\u00f3 el canal.<\/p>\n","protected":false},"excerpt":{"rendered":"<p>La coconductora abri\u00f3 la emisi\u00f3n de este domingo con un breve mensaje en el que no mencion\u00f3 a su excompa\u00f1ero Jey Mammon, apartado del ciclo por una denuncia por presunta corrupci\u00f3n de menores Jesica Cirio\u00a0se refiri\u00f3 a la situaci\u00f3n de\u00a0Jey Mammon\u00a0durante la apertura de\u00a0La pe\u00f1a de morfi.\u00a0Despu\u00e9s de que Telefe decidiera suspender moment\u00e1neamente al conductor [&hellip;]<\/p>\n","protected":false},"author":1,"featured_media":97137,"comment_status":"closed","ping_status":"closed","sticky":false,"template":"","format":"standard","meta":{"_seopress_robots_primary_cat":"","_seopress_titles_title":"","_seopress_titles_desc":"","_seopress_robots_index":"","footnotes":""},"categories":[2],"tags":[36643,36640,36684,36685,34166],"class_list":{"0":"post-97136","1":"post","2":"type-post","3":"status-publish","4":"format-standard","5":"has-post-thumbnail","7":"category-tv","8":"tag-caso-jey-mammon","9":"tag-denuncia-a-jey-mammon","10":"tag-jesica-cirio-jey-mammon","11":"tag-jey-mammon-pena-de-morfi","12":"tag-jey-mammon-telefe"},"_links":{"self":[{"href":"https:\/\/www.cordobatimes.com\/showup\/wp-json\/wp\/v2\/posts\/97136","targetHints":{"allow":["GET"]}}],"collection":[{"href":"https:\/\/www.cordobatimes.com\/showup\/wp-json\/wp\/v2\/posts"}],"about":[{"href":"https:\/\/www.cordobatimes.com\/showup\/wp-json\/wp\/v2\/types\/post"}],"author":[{"embeddable":true,"href":"https:\/\/www.cordobatimes.com\/showup\/wp-json\/wp\/v2\/users\/1"}],"replies":[{"embeddable":true,"href":"https:\/\/www.cordobatimes.com\/showup\/wp-json\/wp\/v2\/comments?post=97136"}],"version-history":[{"count":0,"href":"https:\/\/www.cordobatimes.com\/showup\/wp-json\/wp\/v2\/posts\/97136\/revisions"}],"wp:featuredmedia":[{"embeddable":true,"href":"https:\/\/www.cordobatimes.com\/showup\/wp-json\/wp\/v2\/media\/97137"}],"wp:attachment":[{"href":"https:\/\/www.cordobatimes.com\/showup\/wp-json\/wp\/v2\/media?parent=97136"}],"wp:term":[{"taxonomy":"category","embeddable":true,"href":"https:\/\/www.cordobatimes.com\/showup\/wp-json\/wp\/v2\/categories?post=97136"},{"taxonomy":"post_tag","embeddable":true,"href":"https:\/\/www.cordobatimes.com\/showup\/wp-json\/wp\/v2\/tags?post=97136"}],"curies":[{"name":"wp","href":"https:\/\/api.w.org\/{rel}","templated":true}]}}