{"id":97119,"date":"2023-03-25T13:06:57","date_gmt":"2023-03-25T16:06:57","guid":{"rendered":"https:\/\/www.cordobatimes.com\/showup\/?p=97119"},"modified":"2023-03-25T13:09:40","modified_gmt":"2023-03-25T16:09:40","slug":"roberto-piazza-conto-la-charla-privada-que-tuvo-con-jey-mammon-en-medio-de-su-denuncia-por-abuso-el-espera-que-la-verdad-salga-a-la-luz","status":"publish","type":"post","link":"https:\/\/www.cordobatimes.com\/showup\/tv\/2023\/03\/25\/roberto-piazza-conto-la-charla-privada-que-tuvo-con-jey-mammon-en-medio-de-su-denuncia-por-abuso-el-espera-que-la-verdad-salga-a-la-luz\/","title":{"rendered":"Roberto Piazza cont\u00f3 la charla privada que tuvo con Jey Mammon en medio de su denuncia por abuso: \u00ab\u00c9l espera que la verdad salga a la luz\u00bb"},"content":{"rendered":"<h3><strong>El dise\u00f1ador cont\u00f3 en\u00a0LAM\u00a0que pudo hablar con el conductor tras la denuncia de\u00a0Lucas Benvenuto.<\/strong><\/h3>\n<p>En medio de las repercusiones que despert\u00f3 una vieja causa contra Jey Mammon\u00a0 por abuso sexual infantil que hab\u00eda denunciado Lucas Benvenuto\u00a0 \u2013y que resurgi\u00f3 en las \u00faltimas horas- Roberto Piazza revel\u00f3 que se pudo comunicar con el conductor.<\/p>\n<p>\u201cHabl\u00e9 hoy con Jey. Le mand\u00e9 un\u00a0WhatsApp\u00a0y le dije que lamentaba\u00a0todo lo que est\u00e1 pasando, que\u00a0ojal\u00e1 que la ley se maneje de buena manera y que iba a pedir que se reabra la causa\u201d, comenz\u00f3 diciendo el dise\u00f1ador en una nota que dio a\u00a0LAM, en referencia a este caso que fue prescripto.<\/p>\n<p>\u201cTambi\u00e9n le dije que soy su amigo,\u00a0que no lo voy a juzgar, pero que\u00a0tampoco puedo defenderlo hasta que no se sepa la verdad\u201d, agreg\u00f3, dejando en claro su firme postura respecto a este tema que conmocion\u00f3 al pa\u00eds.<\/p>\n<p>Por \u00faltimo, Piazza dio detalles de cu\u00e1les fueron las palabras de Jey\u00a0en este dif\u00edcil momento: \u201c\u00c9l me contest\u00f3 que soy un amor de persona como siempre, que me quiere mucho,\u00a0y que espera que la verdad salga a la luz\u201d.<\/p>\n<div style=\"width: 662px;\" class=\"wp-video\"><video class=\"wp-video-shortcode\" id=\"video-97119-1\" width=\"662\" height=\"344\" preload=\"metadata\" controls=\"controls\"><source type=\"video\/mp4\" src=\"https:\/\/www.cordobatimes.com\/showup\/wp-content\/uploads\/2023\/03\/Nuevo-proyecto.mp4?_=1\" \/><a href=\"https:\/\/www.cordobatimes.com\/showup\/wp-content\/uploads\/2023\/03\/Nuevo-proyecto.mp4\">https:\/\/www.cordobatimes.com\/showup\/wp-content\/uploads\/2023\/03\/Nuevo-proyecto.mp4<\/a><\/video><\/div>\n","protected":false},"excerpt":{"rendered":"<p>El dise\u00f1ador cont\u00f3 en\u00a0LAM\u00a0que pudo hablar con el conductor tras la denuncia de\u00a0Lucas Benvenuto. En medio de las repercusiones que despert\u00f3 una vieja causa contra Jey Mammon\u00a0 por abuso sexual infantil que hab\u00eda denunciado Lucas Benvenuto\u00a0 \u2013y que resurgi\u00f3 en las \u00faltimas horas- Roberto Piazza revel\u00f3 que se pudo comunicar con el conductor. \u201cHabl\u00e9 hoy [&hellip;]<\/p>\n","protected":false},"author":1,"featured_media":97120,"comment_status":"closed","ping_status":"closed","sticky":false,"template":"","format":"standard","meta":{"_seopress_robots_primary_cat":"","_seopress_titles_title":"","_seopress_titles_desc":"","_seopress_robots_index":"","footnotes":""},"categories":[2],"tags":[36643,36640,36641,36680],"class_list":{"0":"post-97119","1":"post","2":"type-post","3":"status-publish","4":"format-standard","5":"has-post-thumbnail","7":"category-tv","8":"tag-caso-jey-mammon","9":"tag-denuncia-a-jey-mammon","10":"tag-jey-mammon-lucas-benvenutto","11":"tag-jey-mammon-roberto-piazza"},"_links":{"self":[{"href":"https:\/\/www.cordobatimes.com\/showup\/wp-json\/wp\/v2\/posts\/97119","targetHints":{"allow":["GET"]}}],"collection":[{"href":"https:\/\/www.cordobatimes.com\/showup\/wp-json\/wp\/v2\/posts"}],"about":[{"href":"https:\/\/www.cordobatimes.com\/showup\/wp-json\/wp\/v2\/types\/post"}],"author":[{"embeddable":true,"href":"https:\/\/www.cordobatimes.com\/showup\/wp-json\/wp\/v2\/users\/1"}],"replies":[{"embeddable":true,"href":"https:\/\/www.cordobatimes.com\/showup\/wp-json\/wp\/v2\/comments?post=97119"}],"version-history":[{"count":0,"href":"https:\/\/www.cordobatimes.com\/showup\/wp-json\/wp\/v2\/posts\/97119\/revisions"}],"wp:featuredmedia":[{"embeddable":true,"href":"https:\/\/www.cordobatimes.com\/showup\/wp-json\/wp\/v2\/media\/97120"}],"wp:attachment":[{"href":"https:\/\/www.cordobatimes.com\/showup\/wp-json\/wp\/v2\/media?parent=97119"}],"wp:term":[{"taxonomy":"category","embeddable":true,"href":"https:\/\/www.cordobatimes.com\/showup\/wp-json\/wp\/v2\/categories?post=97119"},{"taxonomy":"post_tag","embeddable":true,"href":"https:\/\/www.cordobatimes.com\/showup\/wp-json\/wp\/v2\/tags?post=97119"}],"curies":[{"name":"wp","href":"https:\/\/api.w.org\/{rel}","templated":true}]}}