{"id":97103,"date":"2023-03-24T19:39:31","date_gmt":"2023-03-24T22:39:31","guid":{"rendered":"https:\/\/www.cordobatimes.com\/showup\/?p=97103"},"modified":"2023-03-24T19:39:31","modified_gmt":"2023-03-24T22:39:31","slug":"jey-mammon-complicado-tras-que-saliera-a-la-luz-un-viejo-twit","status":"publish","type":"post","link":"https:\/\/www.cordobatimes.com\/showup\/famosos\/2023\/03\/24\/jey-mammon-complicado-tras-que-saliera-a-la-luz-un-viejo-twit\/","title":{"rendered":"Jey Mammon, complicado tras que  saliera a la luz  un viejo twit"},"content":{"rendered":"<h3><strong>En Intrusos, mostraron el mensaje que escribi\u00f3 el propio conductor a\u00f1os atr\u00e1s y que lo compromete tras la denuncia de Lucas Benvenuto por abuso sexual.<\/strong><\/h3>\n<p>Este viernes, en\u00a0Intrusos\u00a0(Am\u00e9rica Tv),\u00a0mostraron un mensaje que el propio\u00a0Jey Mamm\u00f3n\u00a0escribi\u00f3\u00a0en el a\u00f1o 2011 en su cuenta de\u00a0Twitter\u00a0y\u00a0que lo compromete seriamente\u00a0tras ser denunciado p\u00fablicamente por Lucas Benvenuto.\u00a0En el tuit, hace alusi\u00f3n al joven\u00a0y daba cuenta de que en su sue\u00f1o hab\u00edan tenido relaciones sexuales.<\/p>\n<p>\u00abAnoche so\u00f1\u00e9 que @julietacam ven\u00eda a mi casa y se iba. Acto seguido aparec\u00eda Lucas mi ex y garch&#8230; zarpado. Por qu\u00e9 so\u00f1\u00e9 esto?\u00bb, escribi\u00f3\u00a0el tambi\u00e9n m\u00fasico en la red social del pajarito azul.<\/p>\n<p>Cabe recordar que la denuncia que hizo\u00a0Lucas Benvenuto\u00a0contra\u00a0Jey Mammon\u00a0por abuso sexual de manera p\u00fablica gener\u00f3 un gran revuelo y pol\u00e9mica tanto en los medios como en las redes sociales. Como consecuencia, el conductor se defendi\u00f3 de la grave acusaci\u00f3n mediante un comunicado. Sin embargo, las autoridades de\u00a0Telefe\u00a0decidieron suspenderlo de la conducci\u00f3n de\u00a0La Pe\u00f1a de Morfi\u00a0y el animador ya no estar\u00e1 en el programa este domingo.<\/p>\n<p><img alt=\"\" loading=\"lazy\" decoding=\"async\" class=\"alignnone size-full wp-image-97104\" src=\"https:\/\/www.cordobatimes.com\/showup\/wp-content\/uploads\/2023\/03\/Pantallazo-24-03-2023-19.34.14.jpg\" alt=\"\" width=\"569\" height=\"346\" \/><\/p>\n<p>&nbsp;<\/p>\n","protected":false},"excerpt":{"rendered":"<p>En Intrusos, mostraron el mensaje que escribi\u00f3 el propio conductor a\u00f1os atr\u00e1s y que lo compromete tras la denuncia de Lucas Benvenuto por abuso sexual. Este viernes, en\u00a0Intrusos\u00a0(Am\u00e9rica Tv),\u00a0mostraron un mensaje que el propio\u00a0Jey Mamm\u00f3n\u00a0escribi\u00f3\u00a0en el a\u00f1o 2011 en su cuenta de\u00a0Twitter\u00a0y\u00a0que lo compromete seriamente\u00a0tras ser denunciado p\u00fablicamente por Lucas Benvenuto.\u00a0En el tuit, hace alusi\u00f3n [&hellip;]<\/p>\n","protected":false},"author":1,"featured_media":97050,"comment_status":"closed","ping_status":"closed","sticky":false,"template":"","format":"standard","meta":{"_seopress_robots_primary_cat":"","_seopress_titles_title":"","_seopress_titles_desc":"","_seopress_robots_index":"","footnotes":""},"categories":[4],"tags":[36643,36640,36641,36674],"class_list":{"0":"post-97103","1":"post","2":"type-post","3":"status-publish","4":"format-standard","5":"has-post-thumbnail","7":"category-famosos","8":"tag-caso-jey-mammon","9":"tag-denuncia-a-jey-mammon","10":"tag-jey-mammon-lucas-benvenutto","11":"tag-twit-de-jey-mammon"},"_links":{"self":[{"href":"https:\/\/www.cordobatimes.com\/showup\/wp-json\/wp\/v2\/posts\/97103","targetHints":{"allow":["GET"]}}],"collection":[{"href":"https:\/\/www.cordobatimes.com\/showup\/wp-json\/wp\/v2\/posts"}],"about":[{"href":"https:\/\/www.cordobatimes.com\/showup\/wp-json\/wp\/v2\/types\/post"}],"author":[{"embeddable":true,"href":"https:\/\/www.cordobatimes.com\/showup\/wp-json\/wp\/v2\/users\/1"}],"replies":[{"embeddable":true,"href":"https:\/\/www.cordobatimes.com\/showup\/wp-json\/wp\/v2\/comments?post=97103"}],"version-history":[{"count":0,"href":"https:\/\/www.cordobatimes.com\/showup\/wp-json\/wp\/v2\/posts\/97103\/revisions"}],"wp:featuredmedia":[{"embeddable":true,"href":"https:\/\/www.cordobatimes.com\/showup\/wp-json\/wp\/v2\/media\/97050"}],"wp:attachment":[{"href":"https:\/\/www.cordobatimes.com\/showup\/wp-json\/wp\/v2\/media?parent=97103"}],"wp:term":[{"taxonomy":"category","embeddable":true,"href":"https:\/\/www.cordobatimes.com\/showup\/wp-json\/wp\/v2\/categories?post=97103"},{"taxonomy":"post_tag","embeddable":true,"href":"https:\/\/www.cordobatimes.com\/showup\/wp-json\/wp\/v2\/tags?post=97103"}],"curies":[{"name":"wp","href":"https:\/\/api.w.org\/{rel}","templated":true}]}}