{"id":97088,"date":"2023-03-24T13:18:43","date_gmt":"2023-03-24T16:18:43","guid":{"rendered":"https:\/\/www.cordobatimes.com\/showup\/?p=97088"},"modified":"2023-03-24T13:18:43","modified_gmt":"2023-03-24T16:18:43","slug":"jey-mammon-siente-que-es-el-final-de-todo","status":"publish","type":"post","link":"https:\/\/www.cordobatimes.com\/showup\/famosos\/2023\/03\/24\/jey-mammon-siente-que-es-el-final-de-todo\/","title":{"rendered":"Jey Mammon: \u00abSiente que es el final de todo\u00bb"},"content":{"rendered":"<h3><strong>Paula Varela\u00a0describi\u00f3 en\u00a0Socios del Espect\u00e1culos\u00a0el estado de \u00e1nimo del exconductor de\u00a0La Pe\u00f1a de Morfi\u00a0tras la denuncia de\u00a0Lucas Benvenuto.<\/strong><\/h3>\n<p>La aparici\u00f3n de la denuncia contra Jey Mammon\u00a0 por abuso sexual agravado por acceso carnal que le hizo Lucas Benvenuto , quien asegura haber tenido 14 a\u00f1os cuando Juan Mart\u00edn Rago lo habr\u00eda sometido a sus 32, demoli\u00f3 el \u00e1nimo del exconductor de La Pe\u00f1a de Morfi.<\/p>\n<p>\u00ab\u00c9l luch\u00f3 mucho por este momento, por este reconocimiento medi\u00e1tico. Entonces, le pasan todas las cosas por la cabeza. Siente que es el final de su carrera, el final de todo. Creo que por eso no sale a hablar\u00bb, arranc\u00f3\u00a0Paula Varela.<\/p>\n<p>\u00abEst\u00e1 recluido en su casa, solo\u00bb, aclar\u00f3 la periodista respecto de la extrema soledad que Jey adopt\u00f3 desde que el martes explot\u00f3 el esc\u00e1ndalo.<\/p>\n<p>Luego, la panelista de\u00a0Socios del Espect\u00e1culo\u00a0continu\u00f3: \u00abLa est\u00e1 pasando muy mal, en un momento de much\u00edsima angustia\u00bb.<\/p>\n<p>\u00abEst\u00e1 hasta \u00e9l mismo shockeado con que esto hoy salga a la luz\u00bb, cerr\u00f3 Paula Varela sobre Jey Mammon.<\/p>\n<h3><strong>C\u00d3MO FUE LA DESVINCULACI\u00d3N DE JEY MAMMON DE TELEFE<\/strong><\/h3>\n<p>Por otra parte, Rodrigo Lussich explic\u00f3 la compleja conversaci\u00f3n para que Jey Mammon se aparte de la conducci\u00f3n de La Pe\u00f1a de Morfi.<\/p>\n<p>\u00abToda la gesti\u00f3n para que Telefe lo desvincule del programa, moment\u00e1neamente, ni siquiera se hizo con \u00e9l. Se hizo con sus abogados\u00bb, asegur\u00f3.<\/p>\n<p>Y remat\u00f3: \u00abNo habl\u00f3 con nadie, ni siquiera le respondi\u00f3 a Lizy la ubicaci\u00f3n del casamiento\u00bb.<\/p>\n<p>Es m\u00e1s, toda la gesti\u00f3n con sus abogados se habr\u00eda \u00abhecho por tel\u00e9fono\u00bb, seg\u00fan precis\u00f3 el periodista que estaba apostado en la puerta del edificio donde vive Jey Mammon.<\/p>\n","protected":false},"excerpt":{"rendered":"<p>Paula Varela\u00a0describi\u00f3 en\u00a0Socios del Espect\u00e1culos\u00a0el estado de \u00e1nimo del exconductor de\u00a0La Pe\u00f1a de Morfi\u00a0tras la denuncia de\u00a0Lucas Benvenuto. La aparici\u00f3n de la denuncia contra Jey Mammon\u00a0 por abuso sexual agravado por acceso carnal que le hizo Lucas Benvenuto , quien asegura haber tenido 14 a\u00f1os cuando Juan Mart\u00edn Rago lo habr\u00eda sometido a sus 32, [&hellip;]<\/p>\n","protected":false},"author":1,"featured_media":97089,"comment_status":"closed","ping_status":"closed","sticky":false,"template":"","format":"standard","meta":{"_seopress_robots_primary_cat":"","_seopress_titles_title":"","_seopress_titles_desc":"","_seopress_robots_index":"","footnotes":""},"categories":[4],"tags":[36643,36640,36641],"class_list":{"0":"post-97088","1":"post","2":"type-post","3":"status-publish","4":"format-standard","5":"has-post-thumbnail","7":"category-famosos","8":"tag-caso-jey-mammon","9":"tag-denuncia-a-jey-mammon","10":"tag-jey-mammon-lucas-benvenutto"},"_links":{"self":[{"href":"https:\/\/www.cordobatimes.com\/showup\/wp-json\/wp\/v2\/posts\/97088","targetHints":{"allow":["GET"]}}],"collection":[{"href":"https:\/\/www.cordobatimes.com\/showup\/wp-json\/wp\/v2\/posts"}],"about":[{"href":"https:\/\/www.cordobatimes.com\/showup\/wp-json\/wp\/v2\/types\/post"}],"author":[{"embeddable":true,"href":"https:\/\/www.cordobatimes.com\/showup\/wp-json\/wp\/v2\/users\/1"}],"replies":[{"embeddable":true,"href":"https:\/\/www.cordobatimes.com\/showup\/wp-json\/wp\/v2\/comments?post=97088"}],"version-history":[{"count":0,"href":"https:\/\/www.cordobatimes.com\/showup\/wp-json\/wp\/v2\/posts\/97088\/revisions"}],"wp:featuredmedia":[{"embeddable":true,"href":"https:\/\/www.cordobatimes.com\/showup\/wp-json\/wp\/v2\/media\/97089"}],"wp:attachment":[{"href":"https:\/\/www.cordobatimes.com\/showup\/wp-json\/wp\/v2\/media?parent=97088"}],"wp:term":[{"taxonomy":"category","embeddable":true,"href":"https:\/\/www.cordobatimes.com\/showup\/wp-json\/wp\/v2\/categories?post=97088"},{"taxonomy":"post_tag","embeddable":true,"href":"https:\/\/www.cordobatimes.com\/showup\/wp-json\/wp\/v2\/tags?post=97088"}],"curies":[{"name":"wp","href":"https:\/\/api.w.org\/{rel}","templated":true}]}}