{"id":97052,"date":"2023-03-23T20:32:37","date_gmt":"2023-03-23T23:32:37","guid":{"rendered":"https:\/\/www.cordobatimes.com\/showup\/?p=97052"},"modified":"2023-03-23T20:32:37","modified_gmt":"2023-03-23T23:32:37","slug":"el-comunicado-de-telefe-tras-la-denuncia-a-jey-mammon","status":"publish","type":"post","link":"https:\/\/www.cordobatimes.com\/showup\/tv\/2023\/03\/23\/el-comunicado-de-telefe-tras-la-denuncia-a-jey-mammon\/","title":{"rendered":"El comunicado de Telefe tras la denuncia a Jey Mammon"},"content":{"rendered":"<h3><strong>Son d\u00edas dificiles para los directivos de Telefe que acaban de suspender a Marcelo Corazza, como productor de \u201cGran Hermano\u201d y ahora a Jey Mammon a cargo de la conducci\u00f3n de \u201cLa Pe\u00f1a de Morfi\u201d.<\/strong><\/h3>\n<p>Este es el comunicado de la emisora sobre el tema:<br \/>\n\u201cA partir de la informaci\u00f3n de p\u00fablico conocimiento,\u00a0Telefe acord\u00f3 con Jey Mamm\u00f3n, suspender moment\u00e1neamente su continuidad como conductor de _\u201cLa Pe\u00f1a de Morfi\u201d_ , concedi\u00e9ndole el tiempo que considere necesario para ordenar situaciones de \u00edndole personal.<br \/>\nTelefe es fiel a los principios que la compa\u00f1\u00eda ha mantenido a lo largo de su historia. El respeto, los derechos y el cumplimiento de las leyes, son pilares fundamentales de los valores de esta compa\u00f1\u00eda\u201d.<\/p>\n","protected":false},"excerpt":{"rendered":"<p>Son d\u00edas dificiles para los directivos de Telefe que acaban de suspender a Marcelo Corazza, como productor de \u201cGran Hermano\u201d y ahora a Jey Mammon a cargo de la conducci\u00f3n de \u201cLa Pe\u00f1a de Morfi\u201d. Este es el comunicado de la emisora sobre el tema: \u201cA partir de la informaci\u00f3n de p\u00fablico conocimiento,\u00a0Telefe acord\u00f3 con [&hellip;]<\/p>\n","protected":false},"author":1,"featured_media":97053,"comment_status":"closed","ping_status":"closed","sticky":false,"template":"","format":"standard","meta":{"_seopress_robots_primary_cat":"","_seopress_titles_title":"","_seopress_titles_desc":"","_seopress_robots_index":"","footnotes":""},"categories":[2],"tags":[36643,36646,36640,34166],"class_list":{"0":"post-97052","1":"post","2":"type-post","3":"status-publish","4":"format-standard","5":"has-post-thumbnail","7":"category-tv","8":"tag-caso-jey-mammon","9":"tag-comunicado-de-telefe-tras-la-denuncia-a-jey-mammon","10":"tag-denuncia-a-jey-mammon","11":"tag-jey-mammon-telefe"},"_links":{"self":[{"href":"https:\/\/www.cordobatimes.com\/showup\/wp-json\/wp\/v2\/posts\/97052","targetHints":{"allow":["GET"]}}],"collection":[{"href":"https:\/\/www.cordobatimes.com\/showup\/wp-json\/wp\/v2\/posts"}],"about":[{"href":"https:\/\/www.cordobatimes.com\/showup\/wp-json\/wp\/v2\/types\/post"}],"author":[{"embeddable":true,"href":"https:\/\/www.cordobatimes.com\/showup\/wp-json\/wp\/v2\/users\/1"}],"replies":[{"embeddable":true,"href":"https:\/\/www.cordobatimes.com\/showup\/wp-json\/wp\/v2\/comments?post=97052"}],"version-history":[{"count":0,"href":"https:\/\/www.cordobatimes.com\/showup\/wp-json\/wp\/v2\/posts\/97052\/revisions"}],"wp:featuredmedia":[{"embeddable":true,"href":"https:\/\/www.cordobatimes.com\/showup\/wp-json\/wp\/v2\/media\/97053"}],"wp:attachment":[{"href":"https:\/\/www.cordobatimes.com\/showup\/wp-json\/wp\/v2\/media?parent=97052"}],"wp:term":[{"taxonomy":"category","embeddable":true,"href":"https:\/\/www.cordobatimes.com\/showup\/wp-json\/wp\/v2\/categories?post=97052"},{"taxonomy":"post_tag","embeddable":true,"href":"https:\/\/www.cordobatimes.com\/showup\/wp-json\/wp\/v2\/tags?post=97052"}],"curies":[{"name":"wp","href":"https:\/\/api.w.org\/{rel}","templated":true}]}}