{"id":97049,"date":"2023-03-23T20:09:28","date_gmt":"2023-03-23T23:09:28","guid":{"rendered":"https:\/\/www.cordobatimes.com\/showup\/?p=97049"},"modified":"2023-03-23T20:09:28","modified_gmt":"2023-03-23T23:09:28","slug":"que-dice-la-causa-en-la-que-jey-mammon-fue-sobreseido","status":"publish","type":"post","link":"https:\/\/www.cordobatimes.com\/showup\/famosos\/2023\/03\/23\/que-dice-la-causa-en-la-que-jey-mammon-fue-sobreseido\/","title":{"rendered":"Qu\u00e9 dice la causa en la que Jey Mammon fue sobrese\u00eddo"},"content":{"rendered":"<h3><strong>En medio de las acusaciones en su contra, se conoci\u00f3 una vieja denuncia que no prosper\u00f3 y fue cerrada en el 2021<\/strong><\/h3>\n<p>En los \u00faltimos d\u00edas trascendi\u00f3 una acusaci\u00f3n contra\u00a0Jey Mammon\u00a0por un presunto abuso sexual a un menor de edad, aunque el conductor y m\u00fasico ya hab\u00eda sido denunciado por esta misma causa y el juez que estuvo a cargo del expediente lo sobresey\u00f3.<\/p>\n<p>El expediente en cuesti\u00f3n se inici\u00f3 luego de que la supuesta v\u00edctima, identificada como\u00a0Lucas Jorge Benvenuto, se presentara ante la Justicia el 18 de diciembre de 2020 para relatar una serie de hechos que involucrar\u00edan al reconocido hombre de los medios.<\/p>\n<p>Seg\u00fan la versi\u00f3n que dio este joven, la presunta agresi\u00f3n se dio cuando ten\u00eda 14 a\u00f1os, pocos meses antes de cumplir los 15, momento en el cual se contact\u00f3 con\u00a0Juan Mart\u00edn Rago\u00a0(verdadero nombre de Mammon) a trav\u00e9s de un amigo en com\u00fan que le pas\u00f3 su tel\u00e9fono.<\/p>\n<p>Fue entonces que ambos comenzaron a hablar telef\u00f3nicamente por una situaci\u00f3n de crisis familiar que estaba atravesando Benvenuto, quien se sol\u00eda escapar de su casa -seg\u00fan \u00e9l mismo reconoci\u00f3- como consecuencia de \u201cla patolog\u00eda adictiva que sufr\u00eda su progenitora\u201d. Luego, comenzaron a verse en persona.<\/p>\n<p>Siguiendo con el relato del joven, fue el 16 de septiembre de 2007 la noche en la que se qued\u00f3 a dormir en la casa de Jey Mammon, que en aquel entonces ten\u00eda 32 a\u00f1os, y cuando se despert\u00f3 se percat\u00f3 de que ambos estaban desnudos. Benvenuto asegura que ya hab\u00eda sido abusado anteriormente y, seg\u00fan declar\u00f3 en la causa, luego de pasar la noche en lo del conductor se dio cuenta de que ten\u00eda algunos signos parecidos a los de \u201cla primera vez que fue abusado sexualmente\u201d.<\/p>\n<p>El denunciante cont\u00f3 que \u201ca la semana siguiente, (a Mammon) le robaron el tel\u00e9fono celular, pero continu\u00f3 hablando con el imputado por mail\u201d porque \u201cse sent\u00eda enamorado\u201d y luego de un tiempo \u201clos encuentros \u00edntimos con Rago comenzaron a hacerse m\u00e1s frecuentes, manteniendo una relaci\u00f3n de pareja\u201d.<\/p>\n<p>La causa recay\u00f3 en el Juzgado Nacional en lo Criminal y Correccional N\u00b0 3, a cargo del juez Walter Jos\u00e9 Candela, quien declar\u00f3\u00a0\u201cextinguida la acci\u00f3n penal por prescripci\u00f3n\u201d, dado que, como hab\u00eda se\u00f1alado el fiscal\u00a0Patricio L. Lugones, los hechos denunciados habr\u00edan tenido lugar\u00a0hace m\u00e1s de 10 a\u00f1os,\u00a0por lo que ya se super\u00f3 el plazo de la pena m\u00e1xima prevista para este tipo de delitos.<\/p>\n","protected":false},"excerpt":{"rendered":"<p>En medio de las acusaciones en su contra, se conoci\u00f3 una vieja denuncia que no prosper\u00f3 y fue cerrada en el 2021 En los \u00faltimos d\u00edas trascendi\u00f3 una acusaci\u00f3n contra\u00a0Jey Mammon\u00a0por un presunto abuso sexual a un menor de edad, aunque el conductor y m\u00fasico ya hab\u00eda sido denunciado por esta misma causa y el [&hellip;]<\/p>\n","protected":false},"author":1,"featured_media":97050,"comment_status":"closed","ping_status":"closed","sticky":false,"template":"","format":"standard","meta":{"_seopress_robots_primary_cat":"","_seopress_titles_title":"","_seopress_titles_desc":"","_seopress_robots_index":"","footnotes":""},"categories":[4],"tags":[36643,36645,36640,36641,36644],"class_list":{"0":"post-97049","1":"post","2":"type-post","3":"status-publish","4":"format-standard","5":"has-post-thumbnail","7":"category-famosos","8":"tag-caso-jey-mammon","9":"tag-causa-en-la-que-jey-mammon-fue-sobreseido","10":"tag-denuncia-a-jey-mammon","11":"tag-jey-mammon-lucas-benvenutto","12":"tag-juan-martin-rago"},"_links":{"self":[{"href":"https:\/\/www.cordobatimes.com\/showup\/wp-json\/wp\/v2\/posts\/97049","targetHints":{"allow":["GET"]}}],"collection":[{"href":"https:\/\/www.cordobatimes.com\/showup\/wp-json\/wp\/v2\/posts"}],"about":[{"href":"https:\/\/www.cordobatimes.com\/showup\/wp-json\/wp\/v2\/types\/post"}],"author":[{"embeddable":true,"href":"https:\/\/www.cordobatimes.com\/showup\/wp-json\/wp\/v2\/users\/1"}],"replies":[{"embeddable":true,"href":"https:\/\/www.cordobatimes.com\/showup\/wp-json\/wp\/v2\/comments?post=97049"}],"version-history":[{"count":0,"href":"https:\/\/www.cordobatimes.com\/showup\/wp-json\/wp\/v2\/posts\/97049\/revisions"}],"wp:featuredmedia":[{"embeddable":true,"href":"https:\/\/www.cordobatimes.com\/showup\/wp-json\/wp\/v2\/media\/97050"}],"wp:attachment":[{"href":"https:\/\/www.cordobatimes.com\/showup\/wp-json\/wp\/v2\/media?parent=97049"}],"wp:term":[{"taxonomy":"category","embeddable":true,"href":"https:\/\/www.cordobatimes.com\/showup\/wp-json\/wp\/v2\/categories?post=97049"},{"taxonomy":"post_tag","embeddable":true,"href":"https:\/\/www.cordobatimes.com\/showup\/wp-json\/wp\/v2\/tags?post=97049"}],"curies":[{"name":"wp","href":"https:\/\/api.w.org\/{rel}","templated":true}]}}