{"id":97045,"date":"2023-03-23T19:15:36","date_gmt":"2023-03-23T22:15:36","guid":{"rendered":"https:\/\/www.cordobatimes.com\/showup\/?p=97045"},"modified":"2023-03-23T19:19:44","modified_gmt":"2023-03-23T22:19:44","slug":"lucas-benvenuto-hizo-un-descargo-despues-de-su-denuncia-a-jey-mammon","status":"publish","type":"post","link":"https:\/\/www.cordobatimes.com\/showup\/famosos\/2023\/03\/23\/lucas-benvenuto-hizo-un-descargo-despues-de-su-denuncia-a-jey-mammon\/","title":{"rendered":"Lucas Benvenuto hizo un descargo despu\u00e9s de su denuncia a Jey Mammon"},"content":{"rendered":"<h3><strong>A trav\u00e9s de un video que grab\u00f3 mirando a c\u00e1mara, el joven dijo que decidi\u00f3 hablar en los medios porque no tuvo respuestas de la Justicia.<\/strong><\/h3>\n<p>Tras la enorme repercusi\u00f3n que tuvo su denuncia a\u00a0Jey Mammon\u00a0por abuso sexual,\u00a0Lucas Benvenuto\u00a0rompi\u00f3 el silencio en un video que comparti\u00f3 con la producci\u00f3n de\u00a0A la tarde\u00a0(Am\u00e9rica).<\/p>\n<p>Durante el descargo que tuvo una duraci\u00f3n de seis minutos, el joven aclar\u00f3 que le cost\u00f3 mucho hablar sobre el caso y dijo que decidi\u00f3 hacerlo medi\u00e1ticamente porque nunca tuvo una respuesta de la Justicia. \u201cMe cost\u00f3 mucho volver a sonre\u00edr. Quiero ser feliz\u201d, expuso.<\/p>\n<p>Una de las cuestiones que remarc\u00f3 en este comunicado es cu\u00e1nto le cuesta enfrentar la exposici\u00f3n. \u201cHay muchos medios que me llaman sin parar. Hace dos d\u00edas que no puedo comer, que no puedo dormir. Quiero que sepan que despu\u00e9s de cada entrevista que doy, quedo destrozado\u201d, indic\u00f3.<\/p>\n<p>Adem\u00e1s,\u00a0asegur\u00f3 que necesitaba hablar para poder sanar y que no va a dar m\u00e1s entrevistas porque quiere dar la vuelta la p\u00e1gina: \u201cNecesito volver a crear amor adentro m\u00edo, porque fue lo que me salv\u00f3. Me cost\u00f3 mucho volver a sonre\u00edr. Quiero ser feliz\u201d.<\/p>\n<h3><strong>Las frases m\u00e1s fuertes de Lucas Benvenuto tras la denuncia a Jey Mammon<\/strong><\/h3>\n<ul class=\"ul__list list\">\n<li class=\"list__item\">\u201cQuiero Pedir por favor que se me deje de hostigar. Hay muchos medios que me llaman sin parar. Hace dos d\u00edas que no puedo comer, que no puedo dormir. Quiero que sepan que <b>despu\u00e9s de cada entrevista que doy, quedo destrozado.\u00a0<\/b>Por favor, para m\u00ed es muy importante cada vez que hablo y espero que esto se entienda\u201d<\/li>\n<li class=\"list__item\">\u201cFue muy dif\u00edcil para m\u00ed reconstruirme como persona y a ese ni\u00f1o que soy. Para convertirme en este adulto que soy, hubo todo un equipo de terapeutas y el camino fue muy largo\u201d<\/li>\n<li class=\"list__item\">\u201cEl camino fue muy largo para que hoy pueda estar ac\u00e1. \u00bfQu\u00e9 puedo decirte de \u2018estar ac\u00e1&#8217;? Mi vida estuvo en riesgo dos veces,\u00a0<b>hubo dos veces que yo intent\u00e9 quitarme la vida<\/b>. Incluso, estuve dos veces en terapia intensiva y no se sab\u00eda c\u00f3mo iba a despertar\u201d<\/li>\n<li class=\"list__item\">\u201cAl no tener respuesta de la Justicia no me qued\u00f3 otra opci\u00f3n que darle la cara y la voz a mis casos junto a mi abogado, que fue muy importante en este camino. Es el padre que me hubiese gustado tener. Batallamos juntos en la Justicia\u201d<\/li>\n<li class=\"list__item\">\u201cLa \u00faltima herramienta que me qued\u00f3 fueron los medios, as\u00ed por lo menos yo pod\u00eda tener justicia social o la justicia verdadera. Creo que ahora e<b>st\u00e1n todos encima de una sola persona, que todos ya saben qui\u00e9n es.<\/b>\u00a0Est\u00e1n centrados ah\u00ed, pero yo vengo batallando junto a mi abogado en un mont\u00f3n de casos y me duele un mont\u00f3n que quieran usar solo ese nombre para tener la primicia\u201d<\/li>\n<li class=\"list__item\">\u201cVenimos luchando desde hace muchos con esto. La Justicia me dio la raz\u00f3n muchas veces, y lo pueden comprobar si van a los juzgados a pedir los expedientes\u201d<\/li>\n<li class=\"list__item\">\u201cCuando fui con un abogado particular tuve respuesta, cuando fui a la esperanza de la fiscal\u00eda lo \u00fanico que obtuvimos fue la resoluci\u00f3n de una prescripci\u00f3n.\u00a0<b>Lo que sucedi\u00f3 es real, mi relato fue verdadero y hab\u00eda coherencia, pero qued\u00f3 sobrese\u00eddo por prescripci\u00f3n<\/b>\u201d<\/li>\n<li class=\"list__item\">\u201cEn 2020, yo sab\u00eda adentro m\u00edo que no iba a lograr nada de la Justicia. Al haber tenido dos casos en la Justicia, ya ten\u00eda experiencia con la prescripci\u00f3n. Durante la pandemia decidi\u00f3 sanar y con el equipo de terapia decidimos que yo necesitaba hablar\u201d<\/li>\n<li class=\"list__item\">\u201cFui muy claro y ya est\u00e1. Ya habl\u00e9, ya denunci\u00e9. Para m\u00ed ya est\u00e1, no voy a salvar el mundo si doy una entrevista para exponer a estas personas\u201d<\/li>\n<li class=\"list__item\">\u201cNecesito volver a crear amor adentro m\u00edo, porque fue lo que me salv\u00f3. Me cost\u00f3 mucho volver a sonre\u00edr. Quiero ser feliz\u201d<\/li>\n<\/ul>\n<h3 class=\"font--primary\"><strong>El abogado de Lucas Benvenuto habl\u00f3 sobre la denuncia de abuso que present\u00f3 contra Jey Mammon<\/strong><\/h3>\n<p class=\"paragraph\">Esta ma\u00f1ana, el abogado de\u00a0<b>Lucas Benvenuto<\/b>\u00a0habl\u00f3 en\u00a0<i>Socios del espect\u00e1culo (eltrece)<\/i>\u00a0sobre su defendido y la denuncia que \u00e9l le hizo a\u00a0<b>Jey Mammon<\/b>\u00a0en el a\u00f1o 2020. \u201cDecidi\u00f3 contar su verdad<b>\u00a0para que no le pasara a otros ni\u00f1os<\/b>\u201d, expres\u00f3 Javier Moral.<\/p>\n<p class=\"paragraph\">En di\u00e1logo con el programa conducido por Rodrigo Lussich y Adri\u00e1n Pallares, el letrado cont\u00f3 en qu\u00e9 estado se encontraba el joven cuando lo conoci\u00f3 en 2009. \u201cNo ten\u00eda control,<b>\u00a0estaba a la buena de Dios<\/b>. Faltaba al colegio, se escapaba y no ten\u00eda el control de su madre, que estaba con otras cuestiones\u201d, relat\u00f3.<\/p>\n<p class=\"paragraph\">Luego, se refiri\u00f3 a la primera denuncia en la cual lo represent\u00f3: \u201c\u00c9l contaba que tuvo\u00a0<b>abusos intrafamiliares desde los cuatro a\u00f1os en adelante<\/b>\u201d. Debido a esta tr\u00e1gica historia de vida, Benvenuto decidi\u00f3 denunciar todos los abusos que sufri\u00f3 \u201cpara ponerle un cierre final a esta situaci\u00f3n personal\u201d.<\/p>\n<p class=\"paragraph\">Sin embargo, con respecto a la denuncia realizada contra Jey Mammon, Moral expres\u00f3 qu\u00e9 el no fue quien lo represent\u00f3 en esa instancia. \u201cLo hizo de forma particular, durante la pandemia, y era muy dif\u00edcil hacer cuestiones presenciales.\u00a0<b>Nosotros nos enteramos mucho tiempo despu\u00e9s<\/b>\u201d, se\u00f1al\u00f3.<\/p>\n<p class=\"paragraph\">Adem\u00e1s, explic\u00f3 qu\u00e9 suceder\u00eda en el caso en que el conductor de<i>\u00a0La Pe\u00f1a de Morfi\u00a0(Telefe)<\/i>\u00a0quisiera defenderse: \u201cComo cualquier persona\u00a0<b>tiene derecho a limpiar su imagen y su honor<\/b>\u201d.<\/p>\n<p>&nbsp;<\/p>\n<p><iframe loading=\"lazy\" width=\"560\" height=\"315\" src=\"https:\/\/www.youtube.com\/embed\/PiN2j-irDgU\" title=\"YouTube video player\" frameborder=\"0\" allow=\"accelerometer; autoplay; clipboard-write; encrypted-media; gyroscope; picture-in-picture; web-share\" allowfullscreen><\/iframe><\/p>\n","protected":false},"excerpt":{"rendered":"<p>A trav\u00e9s de un video que grab\u00f3 mirando a c\u00e1mara, el joven dijo que decidi\u00f3 hablar en los medios porque no tuvo respuestas de la Justicia. Tras la enorme repercusi\u00f3n que tuvo su denuncia a\u00a0Jey Mammon\u00a0por abuso sexual,\u00a0Lucas Benvenuto\u00a0rompi\u00f3 el silencio en un video que comparti\u00f3 con la producci\u00f3n de\u00a0A la tarde\u00a0(Am\u00e9rica). Durante el descargo [&hellip;]<\/p>\n","protected":false},"author":1,"featured_media":97046,"comment_status":"closed","ping_status":"closed","sticky":false,"template":"","format":"standard","meta":{"_seopress_robots_primary_cat":"","_seopress_titles_title":"","_seopress_titles_desc":"","_seopress_robots_index":"","footnotes":""},"categories":[4],"tags":[36643,36640,36641],"class_list":{"0":"post-97045","1":"post","2":"type-post","3":"status-publish","4":"format-standard","5":"has-post-thumbnail","7":"category-famosos","8":"tag-caso-jey-mammon","9":"tag-denuncia-a-jey-mammon","10":"tag-jey-mammon-lucas-benvenutto"},"_links":{"self":[{"href":"https:\/\/www.cordobatimes.com\/showup\/wp-json\/wp\/v2\/posts\/97045","targetHints":{"allow":["GET"]}}],"collection":[{"href":"https:\/\/www.cordobatimes.com\/showup\/wp-json\/wp\/v2\/posts"}],"about":[{"href":"https:\/\/www.cordobatimes.com\/showup\/wp-json\/wp\/v2\/types\/post"}],"author":[{"embeddable":true,"href":"https:\/\/www.cordobatimes.com\/showup\/wp-json\/wp\/v2\/users\/1"}],"replies":[{"embeddable":true,"href":"https:\/\/www.cordobatimes.com\/showup\/wp-json\/wp\/v2\/comments?post=97045"}],"version-history":[{"count":0,"href":"https:\/\/www.cordobatimes.com\/showup\/wp-json\/wp\/v2\/posts\/97045\/revisions"}],"wp:featuredmedia":[{"embeddable":true,"href":"https:\/\/www.cordobatimes.com\/showup\/wp-json\/wp\/v2\/media\/97046"}],"wp:attachment":[{"href":"https:\/\/www.cordobatimes.com\/showup\/wp-json\/wp\/v2\/media?parent=97045"}],"wp:term":[{"taxonomy":"category","embeddable":true,"href":"https:\/\/www.cordobatimes.com\/showup\/wp-json\/wp\/v2\/categories?post=97045"},{"taxonomy":"post_tag","embeddable":true,"href":"https:\/\/www.cordobatimes.com\/showup\/wp-json\/wp\/v2\/tags?post=97045"}],"curies":[{"name":"wp","href":"https:\/\/api.w.org\/{rel}","templated":true}]}}