{"id":97041,"date":"2023-03-23T18:42:29","date_gmt":"2023-03-23T21:42:29","guid":{"rendered":"https:\/\/www.cordobatimes.com\/showup\/?p=97041"},"modified":"2023-03-23T18:42:29","modified_gmt":"2023-03-23T21:42:29","slug":"jey-mammon-la-denuncia-es-falsa-en-gran-parte-sufro-una-campana-de-difamacion-acoso-y-extorsion","status":"publish","type":"post","link":"https:\/\/www.cordobatimes.com\/showup\/famosos\/2023\/03\/23\/jey-mammon-la-denuncia-es-falsa-en-gran-parte-sufro-una-campana-de-difamacion-acoso-y-extorsion\/","title":{"rendered":"Jey Mammon: \u201cla denuncia es falsa en gran parte. Sufro una campa\u00f1a de difamaci\u00f3n, acoso y extorsion\u201d"},"content":{"rendered":"<h3><strong>Jey public\u00f3 en las redes sociales su descargo. Dijo que se trata de \u00abun episodio falso en gran parte de su contenido\u00bb.<\/strong><\/h3>\n<p>En las \u00faltimas horas, un joven llamado Lucas Benvenutto realiz\u00f3\u00a0una dura acusaci\u00f3n en los medios\u00a0contra Jey Mammon, luego de que la Justicia declarara prescripta una causa que le inici\u00f3\u00a0al conductor\u00a0en 2020 por abuso sexual a un menor de edad.<\/p>\n<p>Esta semana, Benvenutto se present\u00f3 en A la tarde para hablar sobre la detenci\u00f3n de Marcelo Corazza, quien habr\u00eda sido v\u00edctima de la red de trata de menores que la Justicia relaciona de alguna manera al productor de Gran Hermano 2022,\u00a0y all\u00ed revel\u00f3 que tambi\u00e9n hab\u00eda denunciado a Juan Mart\u00edn Rago, el verdadero nombre del conductor.<\/p>\n<p>\u00abLa denuncia es del 18 de diciembre del 2020\u00a0en la C\u00e1mara Nacional de Apelaciones y la resoluci\u00f3n judicial es del 9 de marzo del 2021.\u00a0Ah\u00ed cuenta que, productor de la adicci\u00f3n de su madre, era un chico abandonado\u00bb, explic\u00f3 Rolando Gra\u00f1a este jueves en A la tarde, confirmando la existencia de esa acusaci\u00f3n en la Justicia.<\/p>\n<h3><strong>\u00bfQU\u00c9 DICE EL DESCARGO DE JEY MAMMON SOBRE LA DENUNCIA DE ABUSO A UN MENOR?<\/strong><\/h3>\n<p>Frente a los comentarios que se viralizaron en las redes sociales y en varios ciclos de TV, y que llevaron a Telefe (Paramount)\u00a0a reemplazarlo con Georgina Barbarossa\u00a0en la conducci\u00f3n del ciclo musical de los domingos, Rago decidi\u00f3 publicar un descargo en Twitter y en Instagram.<\/p>\n<p>\u201cAnte la difusi\u00f3n de una denuncia que la justicia resolvi\u00f3 prescribir, trat\u00e1ndose de un episodio falso en gran parte de su contenido, me veo en la necesidad de informar que a ese accionar,\u00a0que busca inconfesables r\u00e9ditos en perjuicio de mi persona, se le suma una persistente campa\u00f1a de acoso y difamaci\u00f3n\u201d, se\u00f1ala el comunicado, escrito en su totalidad en may\u00fasculas.<\/p>\n<p>\u201cHe sufrido conductas extorsivas de parte de quien promovi\u00f3 una denuncia que la Justicia sobresey\u00f3\u00a0y cerr\u00f3. sin perjuicio de las acciones legales a emprender, se hace imperioso dejar en claro que\u00a0la situaci\u00f3n planteada es producto de la conducta de una persona\u00a0que, en este caso, y frente a la justicia\u00a0ha actuado faltando a la verdad\u201d, agrega otro p\u00e1rrafo.<\/p>\n<p>\u201cLa instalaci\u00f3n medi\u00e1tica del tema\u00a0ha puesto en juego el prestigio y el honor de quien les habla en un hecho delicado\u00a0y sensible para toda la sociedad. Ruego a Dios fluya, se exponga y se conozca la verdad\u201d, cierra el comunicado.<\/p>\n<p><img alt=\"\" loading=\"lazy\" decoding=\"async\" class=\"alignnone wp-image-97043 size-full\" src=\"https:\/\/www.cordobatimes.com\/showup\/wp-content\/uploads\/2023\/03\/022a36-2.jpeg\" alt=\"\" width=\"1170\" height=\"2080\" srcset=\"https:\/\/www.cordobatimes.com\/showup\/wp-content\/uploads\/2023\/03\/022a36-2.jpeg 1170w, https:\/\/www.cordobatimes.com\/showup\/wp-content\/uploads\/2023\/03\/022a36-2-236x420.jpeg 236w, https:\/\/www.cordobatimes.com\/showup\/wp-content\/uploads\/2023\/03\/022a36-2-576x1024.jpeg 576w, https:\/\/www.cordobatimes.com\/showup\/wp-content\/uploads\/2023\/03\/022a36-2-768x1365.jpeg 768w, https:\/\/www.cordobatimes.com\/showup\/wp-content\/uploads\/2023\/03\/022a36-2-864x1536.jpeg 864w, https:\/\/www.cordobatimes.com\/showup\/wp-content\/uploads\/2023\/03\/022a36-2-1152x2048.jpeg 1152w, https:\/\/www.cordobatimes.com\/showup\/wp-content\/uploads\/2023\/03\/022a36-2-696x1237.jpeg 696w, https:\/\/www.cordobatimes.com\/showup\/wp-content\/uploads\/2023\/03\/022a36-2-1068x1899.jpeg 1068w\" sizes=\"auto, (max-width: 1170px) 100vw, 1170px\" \/><\/p>\n","protected":false},"excerpt":{"rendered":"<p>Jey public\u00f3 en las redes sociales su descargo. Dijo que se trata de \u00abun episodio falso en gran parte de su contenido\u00bb. En las \u00faltimas horas, un joven llamado Lucas Benvenutto realiz\u00f3\u00a0una dura acusaci\u00f3n en los medios\u00a0contra Jey Mammon, luego de que la Justicia declarara prescripta una causa que le inici\u00f3\u00a0al conductor\u00a0en 2020 por abuso [&hellip;]<\/p>\n","protected":false},"author":1,"featured_media":97042,"comment_status":"closed","ping_status":"closed","sticky":false,"template":"","format":"standard","meta":{"_seopress_robots_primary_cat":"","_seopress_titles_title":"","_seopress_titles_desc":"","_seopress_robots_index":"","footnotes":""},"categories":[4],"tags":[36643,36640,36641],"class_list":{"0":"post-97041","1":"post","2":"type-post","3":"status-publish","4":"format-standard","5":"has-post-thumbnail","7":"category-famosos","8":"tag-caso-jey-mammon","9":"tag-denuncia-a-jey-mammon","10":"tag-jey-mammon-lucas-benvenutto"},"_links":{"self":[{"href":"https:\/\/www.cordobatimes.com\/showup\/wp-json\/wp\/v2\/posts\/97041","targetHints":{"allow":["GET"]}}],"collection":[{"href":"https:\/\/www.cordobatimes.com\/showup\/wp-json\/wp\/v2\/posts"}],"about":[{"href":"https:\/\/www.cordobatimes.com\/showup\/wp-json\/wp\/v2\/types\/post"}],"author":[{"embeddable":true,"href":"https:\/\/www.cordobatimes.com\/showup\/wp-json\/wp\/v2\/users\/1"}],"replies":[{"embeddable":true,"href":"https:\/\/www.cordobatimes.com\/showup\/wp-json\/wp\/v2\/comments?post=97041"}],"version-history":[{"count":0,"href":"https:\/\/www.cordobatimes.com\/showup\/wp-json\/wp\/v2\/posts\/97041\/revisions"}],"wp:featuredmedia":[{"embeddable":true,"href":"https:\/\/www.cordobatimes.com\/showup\/wp-json\/wp\/v2\/media\/97042"}],"wp:attachment":[{"href":"https:\/\/www.cordobatimes.com\/showup\/wp-json\/wp\/v2\/media?parent=97041"}],"wp:term":[{"taxonomy":"category","embeddable":true,"href":"https:\/\/www.cordobatimes.com\/showup\/wp-json\/wp\/v2\/categories?post=97041"},{"taxonomy":"post_tag","embeddable":true,"href":"https:\/\/www.cordobatimes.com\/showup\/wp-json\/wp\/v2\/tags?post=97041"}],"curies":[{"name":"wp","href":"https:\/\/api.w.org\/{rel}","templated":true}]}}