{"id":97028,"date":"2023-03-23T16:31:43","date_gmt":"2023-03-23T19:31:43","guid":{"rendered":"https:\/\/www.cordobatimes.com\/showup\/?p=97028"},"modified":"2023-03-23T18:46:07","modified_gmt":"2023-03-23T21:46:07","slug":"despues-de-la-denuncia-en-su-contra-la-drastica-medida-que-tomo-telefe-con-jey-mammon","status":"publish","type":"post","link":"https:\/\/www.cordobatimes.com\/showup\/famosos\/2023\/03\/23\/despues-de-la-denuncia-en-su-contra-la-drastica-medida-que-tomo-telefe-con-jey-mammon\/","title":{"rendered":"Despu\u00e9s de la denuncia en su contra, la dr\u00e1stica medida que tom\u00f3 Telefe con Jey Mamm\u00f3n"},"content":{"rendered":"<h3><strong>El canal tom\u00f3 una decisi\u00f3n tras las declaraciones que realiz\u00f3 Lucas Benvenuto.\u00a0<\/strong><\/h3>\n<p>Tras las repercusiones de la noticia,\u00a0<strong>Telefe<\/strong>\u00a0decidi\u00f3 eliminar de sus redes sociales todas las promociones de esta semana de La Pe\u00f1a de Morfi, donde\u00a0<strong>Jey<\/strong>\u00a0es uno de los conductores. \u00abDebido al repudio en redes sociales contra\u00a0Jey Mamm\u00f3n,\u00a0Telefe\u00a0elimin\u00f3 todas las publicidades y publicaciones de \u2018Morfi\u2019\u00bb, afirm\u00f3 Rodrigo Lussich en Socios del Espect\u00e1culo (El Trece).<\/p>\n<p>En Intrusos (Am\u00e9rica, lunes a viernes a las 13.30), Marcela Tauro cont\u00f3 que\u00a0<strong>Telefe \u00abhabr\u00eda tomado la decisi\u00f3n de pedirle la renuncia a Jey Mamm\u00f3n a ra\u00edz de todo lo sucedido\u00bb.<\/strong>\u00a0Desde el canal ya estar\u00edan buscando un reemplazo para el conductor, quien no estar\u00eda en la edici\u00f3n de\u00a0<em>La Pe\u00f1a de Morfi<\/em>\u00a0del pr\u00f3ximo domingo.<\/p>\n<p><iframe loading=\"lazy\" title=\"Se complica la situaci\u00f3n de Jey Mammon en Telef\u00e9\" width=\"696\" height=\"392\" src=\"https:\/\/www.youtube.com\/embed\/l0MZ59J3lYI?feature=oembed\" frameborder=\"0\" allow=\"accelerometer; autoplay; clipboard-write; encrypted-media; gyroscope; picture-in-picture; web-share\" allowfullscreen><\/iframe><\/p>\n<div style=\"width: 480px;\" class=\"wp-video\"><video class=\"wp-video-shortcode\" id=\"video-97028-1\" width=\"480\" height=\"270\" preload=\"metadata\" controls=\"controls\"><source type=\"video\/mp4\" src=\"https:\/\/www.cordobatimes.com\/showup\/wp-content\/uploads\/2023\/03\/\u2757-exclusivo-jey-mammon-quedo-fuera-de-la-p.mp4?_=1\" \/><a href=\"https:\/\/www.cordobatimes.com\/showup\/wp-content\/uploads\/2023\/03\/\u2757-exclusivo-jey-mammon-quedo-fuera-de-la-p.mp4\">https:\/\/www.cordobatimes.com\/showup\/wp-content\/uploads\/2023\/03\/\u2757-exclusivo-jey-mammon-quedo-fuera-de-la-p.mp4<\/a><\/video><\/div>\n","protected":false},"excerpt":{"rendered":"<p>El canal tom\u00f3 una decisi\u00f3n tras las declaraciones que realiz\u00f3 Lucas Benvenuto.\u00a0 Tras las repercusiones de la noticia,\u00a0Telefe\u00a0decidi\u00f3 eliminar de sus redes sociales todas las promociones de esta semana de La Pe\u00f1a de Morfi, donde\u00a0Jey\u00a0es uno de los conductores. \u00abDebido al repudio en redes sociales contra\u00a0Jey Mamm\u00f3n,\u00a0Telefe\u00a0elimin\u00f3 todas las publicidades y publicaciones de \u2018Morfi\u2019\u00bb, afirm\u00f3 [&hellip;]<\/p>\n","protected":false},"author":1,"featured_media":97029,"comment_status":"closed","ping_status":"closed","sticky":false,"template":"","format":"standard","meta":{"_seopress_robots_primary_cat":"","_seopress_titles_title":"","_seopress_titles_desc":"","_seopress_robots_index":"","footnotes":""},"categories":[4],"tags":[36643,36640,34921,36641,34166],"class_list":{"0":"post-97028","1":"post","2":"type-post","3":"status-publish","4":"format-standard","5":"has-post-thumbnail","7":"category-famosos","8":"tag-caso-jey-mammon","9":"tag-denuncia-a-jey-mammon","10":"tag-jey-mammon-la-pena-de-morfi","11":"tag-jey-mammon-lucas-benvenutto","12":"tag-jey-mammon-telefe"},"_links":{"self":[{"href":"https:\/\/www.cordobatimes.com\/showup\/wp-json\/wp\/v2\/posts\/97028","targetHints":{"allow":["GET"]}}],"collection":[{"href":"https:\/\/www.cordobatimes.com\/showup\/wp-json\/wp\/v2\/posts"}],"about":[{"href":"https:\/\/www.cordobatimes.com\/showup\/wp-json\/wp\/v2\/types\/post"}],"author":[{"embeddable":true,"href":"https:\/\/www.cordobatimes.com\/showup\/wp-json\/wp\/v2\/users\/1"}],"replies":[{"embeddable":true,"href":"https:\/\/www.cordobatimes.com\/showup\/wp-json\/wp\/v2\/comments?post=97028"}],"version-history":[{"count":0,"href":"https:\/\/www.cordobatimes.com\/showup\/wp-json\/wp\/v2\/posts\/97028\/revisions"}],"wp:featuredmedia":[{"embeddable":true,"href":"https:\/\/www.cordobatimes.com\/showup\/wp-json\/wp\/v2\/media\/97029"}],"wp:attachment":[{"href":"https:\/\/www.cordobatimes.com\/showup\/wp-json\/wp\/v2\/media?parent=97028"}],"wp:term":[{"taxonomy":"category","embeddable":true,"href":"https:\/\/www.cordobatimes.com\/showup\/wp-json\/wp\/v2\/categories?post=97028"},{"taxonomy":"post_tag","embeddable":true,"href":"https:\/\/www.cordobatimes.com\/showup\/wp-json\/wp\/v2\/tags?post=97028"}],"curies":[{"name":"wp","href":"https:\/\/api.w.org\/{rel}","templated":true}]}}