{"id":97025,"date":"2023-03-23T14:28:41","date_gmt":"2023-03-23T17:28:41","guid":{"rendered":"https:\/\/www.cordobatimes.com\/showup\/?p=97025"},"modified":"2023-03-23T14:28:41","modified_gmt":"2023-03-23T17:28:41","slug":"jey-mammon-acusado-de-mantener-una-relacion-con-un-menor","status":"publish","type":"post","link":"https:\/\/www.cordobatimes.com\/showup\/famosos\/2023\/03\/23\/jey-mammon-acusado-de-mantener-una-relacion-con-un-menor\/","title":{"rendered":"Jey Mamm\u00f3n, acusado de mantener una relaci\u00f3n con un menor"},"content":{"rendered":"<h3><strong>El conductor fue se\u00f1alado por Lucas Benvenutto, joven que estuvo involucrado en el\u00a0 caso de Marcelo Corazza, pero asegura adem\u00e1s haber mantenido un noviazgo durante su adolescencia con Jey.<\/strong><\/h3>\n<p>Jey Mamm\u00f3n\u00a0fue denunciado\u00a0por un joven que asegur\u00f3 haber\u00a0mantenido\u00a0una relaci\u00f3n con \u00e9l mientras ten\u00eda 14 a\u00f1os y el conductor 32.<\/p>\n<p>Rodrigo Lussich repas\u00f3 en Socios del Espect\u00e1culo\u00a0el caso que \u201ctoca de lleno a\u00a0Jey Mamm\u00f3n, querido colega y conductor. Primero no fue mencionado y despu\u00e9s s\u00ed con nombre y apellido. Un joven apunt\u00f3 contra el conductor por haber tenido una relaci\u00f3n cuando ten\u00eda 14 a\u00f1os y Jey 32.\u00a0Ante la menci\u00f3n de este joven y la vuelta de la justicia a esta causa, el nombre de Jey aparece\u201d.<\/p>\n<p>\u201cHabr\u00eda un comunicado de Jey para el d\u00eda de hoy. Estamos tratando de hablar con\u00a0Jey o sus abogados porque es una acusaci\u00f3n muy grave\u201d, explic\u00f3 Adri\u00e1n Pallares.<\/p>\n<p>El conductor aclar\u00f3 que \u201cJorge \u201cRial puso un tuit en el que anuncia que hoy sale el comunicado\u00a0y habl\u00f3 del caso en la radio\u201d.<\/p>\n<h3><strong>JEY MAMM\u00d3N DENUNCIADO POR SALIR CON UN ADOELSCENTE<\/strong><\/h3>\n<p>\u201cMuchos que fueron v\u00edctimas empiezan a notar que ya no hay cierta protecci\u00f3n, que pueden contarlo, ya son grandes, pueden asumir lo que pasaron cuando eran menores de edad. Empiezan a salir nombres. A veces es mejor enfrentar la realidad, que eludirla, porque la verdad se te termina cayendo arriba de la cabeza. Y esto es lo que le pasa a un tipo muy querido en el ambiente, que\u00a0hace 48 horas est\u00e1 siendo nombrado, que es Jey Mammon\u201d, arranc\u00f3 Rial.<\/p>\n<p>Jorge agreg\u00f3 que \u201cun chico sali\u00f3 a hablar, sin dar el nombre dio toda la descripci\u00f3n: \u2018un conductor de Telefe que adem\u00e1s es m\u00fasico\u2019. Eso oblig\u00f3 a Jey a ponerle privacidad en sus redes sociales.\u00a0La gente se puso muy violenta y agresiva porque hay una sed de caza de brujas muy grande. Desde el primer momento, con la producci\u00f3n de radio y de televisi\u00f3n decidimos ir a buscarlo\u201d.<\/p>\n<p>El conductor confirm\u00f3 que \u201cefectivamente la denuncia de Lucas existi\u00f3 y prescribi\u00f3.\u00a0Est\u00e1 sobrese\u00eddo por la aplicaci\u00f3n de la prescripci\u00f3n, que no es lo mismo que sobreseerlo porque no ocurri\u00f3 el hecho. El hecho efectivamente ocurri\u00f3. El 9 de marzo de 2021 fue el sobreseimiento\u201d.<\/p>\n<p>\u201cAc\u00e1 dice \u2018ese juzgado a mi cargo y respecto a la situaci\u00f3n procesal de\u00a0Juan Mart\u00edn Rago, alias Jey Mammon, con domicilio&#8230;\u2019 Est\u00e1n los nombres de los abogados, todo. Lo tengo en mi poder. Dicen que la denuncia se hizo en el 2020 y ya hab\u00edan transcurrido diez a\u00f1os\u201d, cerr\u00f3 Rial.<\/p>\n<p><iframe loading=\"lazy\" title=\"\u00bfQui\u00e9n es la &quot;v\u00edctima&quot; de Jey Mamm\u00f3n que lo denunci\u00f3 al aire con Karina Mazzoco?\" width=\"696\" height=\"392\" src=\"https:\/\/www.youtube.com\/embed\/4omlOMurIRo?feature=oembed\" frameborder=\"0\" allow=\"accelerometer; autoplay; clipboard-write; encrypted-media; gyroscope; picture-in-picture; web-share\" allowfullscreen><\/iframe><\/p>\n<p><iframe loading=\"lazy\" title=\"Tras el caso de Marcelo Corazza, as\u00ed comunic\u00f3 Jorge Rial en la radio la denuncia a Jey Mamm\u00f3n\" width=\"696\" height=\"392\" src=\"https:\/\/www.youtube.com\/embed\/JcoN6qsVGIE?feature=oembed\" frameborder=\"0\" allow=\"accelerometer; autoplay; clipboard-write; encrypted-media; gyroscope; picture-in-picture; web-share\" allowfullscreen><\/iframe><\/p>\n<p><iframe loading=\"lazy\" title=\"\u00a1EXCLUSIVO! Habla Javier Moral, abogado de Jey Mamm\u00f3n en vivo sobre la grave denuncia de abuso\" width=\"696\" height=\"392\" src=\"https:\/\/www.youtube.com\/embed\/YSuCBm_0W-o?feature=oembed\" frameborder=\"0\" allow=\"accelerometer; autoplay; clipboard-write; encrypted-media; gyroscope; picture-in-picture; web-share\" allowfullscreen><\/iframe><\/p>\n<p><iframe loading=\"lazy\" title=\"As\u00ed denunciaba Lucas Benvenuto a Jey Mamm\u00f3n en el programa de Karina Mazzocco\" width=\"696\" height=\"392\" src=\"https:\/\/www.youtube.com\/embed\/EI3Mc2sqJT4?feature=oembed\" frameborder=\"0\" allow=\"accelerometer; autoplay; clipboard-write; encrypted-media; gyroscope; picture-in-picture; web-share\" allowfullscreen><\/iframe><\/p>\n<p>&nbsp;<\/p>\n","protected":false},"excerpt":{"rendered":"<p>El conductor fue se\u00f1alado por Lucas Benvenutto, joven que estuvo involucrado en el\u00a0 caso de Marcelo Corazza, pero asegura adem\u00e1s haber mantenido un noviazgo durante su adolescencia con Jey. Jey Mamm\u00f3n\u00a0fue denunciado\u00a0por un joven que asegur\u00f3 haber\u00a0mantenido\u00a0una relaci\u00f3n con \u00e9l mientras ten\u00eda 14 a\u00f1os y el conductor 32. Rodrigo Lussich repas\u00f3 en Socios del Espect\u00e1culo\u00a0el [&hellip;]<\/p>\n","protected":false},"author":1,"featured_media":97026,"comment_status":"closed","ping_status":"closed","sticky":false,"template":"","format":"standard","meta":{"_seopress_robots_primary_cat":"","_seopress_titles_title":"","_seopress_titles_desc":"","_seopress_robots_index":"","footnotes":""},"categories":[4],"tags":[36640,36641],"class_list":{"0":"post-97025","1":"post","2":"type-post","3":"status-publish","4":"format-standard","5":"has-post-thumbnail","7":"category-famosos","8":"tag-denuncia-a-jey-mammon","9":"tag-jey-mammon-lucas-benvenutto"},"_links":{"self":[{"href":"https:\/\/www.cordobatimes.com\/showup\/wp-json\/wp\/v2\/posts\/97025","targetHints":{"allow":["GET"]}}],"collection":[{"href":"https:\/\/www.cordobatimes.com\/showup\/wp-json\/wp\/v2\/posts"}],"about":[{"href":"https:\/\/www.cordobatimes.com\/showup\/wp-json\/wp\/v2\/types\/post"}],"author":[{"embeddable":true,"href":"https:\/\/www.cordobatimes.com\/showup\/wp-json\/wp\/v2\/users\/1"}],"replies":[{"embeddable":true,"href":"https:\/\/www.cordobatimes.com\/showup\/wp-json\/wp\/v2\/comments?post=97025"}],"version-history":[{"count":0,"href":"https:\/\/www.cordobatimes.com\/showup\/wp-json\/wp\/v2\/posts\/97025\/revisions"}],"wp:featuredmedia":[{"embeddable":true,"href":"https:\/\/www.cordobatimes.com\/showup\/wp-json\/wp\/v2\/media\/97026"}],"wp:attachment":[{"href":"https:\/\/www.cordobatimes.com\/showup\/wp-json\/wp\/v2\/media?parent=97025"}],"wp:term":[{"taxonomy":"category","embeddable":true,"href":"https:\/\/www.cordobatimes.com\/showup\/wp-json\/wp\/v2\/categories?post=97025"},{"taxonomy":"post_tag","embeddable":true,"href":"https:\/\/www.cordobatimes.com\/showup\/wp-json\/wp\/v2\/tags?post=97025"}],"curies":[{"name":"wp","href":"https:\/\/api.w.org\/{rel}","templated":true}]}}